{"id":15314,"date":"2023-01-18T11:12:38","date_gmt":"2023-01-18T10:12:38","guid":{"rendered":"https:\/\/www.polycliniqueplus.com\/blog\/como-reafirmar-los-pechos-caidos\/"},"modified":"2023-02-02T10:56:02","modified_gmt":"2023-02-02T09:56:02","slug":"reafirmar-los-senos-caidos","status":"publish","type":"post","link":"https:\/\/www.polycliniqueplus.com\/es\/blog\/reafirmar-los-senos-caidos\/","title":{"rendered":"\u00bfC\u00f3mo reafirmar los pechos ca\u00eddos?"},"content":{"rendered":"<p>Existen varias opciones para levantar los senos ca\u00eddos o con ptosis mamaria. Una de las opciones m\u00e1s utilizadas es la elevaci\u00f3n de mamas. Esta t\u00e9cnica consiste en eliminar el exceso de grasa, piel y tejido mamario para remodelar y elevar el pecho. Tambi\u00e9n puede incluir la reducci\u00f3n del tama\u00f1o de las areolas y el ajuste de la posici\u00f3n de los pezones.<\/p>\n<p>Otras opciones son la <b>elevaci\u00f3n mamaria no quir\u00fargica<\/b>, que utiliza t\u00e9cnicas de radiofrecuencia para remodelar los senos, o la inyecci\u00f3n de grasa o <strong>lipofilling<\/strong> mamario para restaurar la firmeza de los senos. Esta t\u00e9cnica de injerto de grasa requiere liposucci\u00f3n.<br \/>\nJunto con su cirujano pl\u00e1stico colegiado determinar\u00e1 la mejor opci\u00f3n para usted en funci\u00f3n de sus objetivos est\u00e9ticos, riesgos y posibles resultados.<\/p>\n<h2 class=\"western\">\u00bfQu\u00e9 ventajas tiene la elevaci\u00f3n de mamas?<\/h2>\n<p>En <span style=\"color: #0563c1;\"><u><a href=\"https:\/\/www.polycliniqueplus.com\/lifting-seins-turquie\/\"> <b>beneficios de la elevaci\u00f3n de senos<\/b><\/a><\/u><\/span> puede incluir:<\/p>\n<ul>\n<li><b>Mejora del aspecto general de los s<\/b>enos: los senos pueden adquirir un aspecto m\u00e1s firme y joven tras una intervenci\u00f3n de elevaci\u00f3n mamaria.<\/li>\n<li><b>Correcci\u00f3n de la ptosis mamaria<\/b>: La ptosis mamaria es la ca\u00edda de los senos. Un lifting de mamas puede ayudar a elevar los senos para conseguir un aspecto m\u00e1s firme y juvenil.<\/li>\n<li><b>Correcci\u00f3n de la asimetr\u00eda mamaria<\/b>: Si los senos son asim\u00e9tricos, una elevaci\u00f3n mamaria puede ayudar a hacerlos m\u00e1s sim\u00e9tricos.<\/li>\n<li><b>Aumento o reducci\u00f3n de are<\/b> olas: Las areolas pueden aumentarse o reducirse para adaptarse a la nueva forma del pecho tras la intervenci\u00f3n.<\/li>\n<li><b>Mayor confianza en s\u00ed mismo<\/b>: Los resultados de la cirug\u00eda pueden mejorar la imagen de s\u00ed mismo y aumentar la confianza en s\u00ed mismo.<\/li>\n<\/ul>\n<p>Es importante tener en cuenta que los resultados de la cirug\u00eda var\u00edan de una persona a otra y que existen riesgos y complicaciones asociados a cualquier procedimiento quir\u00fargico. Por lo tanto, es importante que consulte con un cirujano pl\u00e1stico certificado si la elevaci\u00f3n de mamas es adecuada para usted.<\/p>\n<h2 class=\"western\">\u00bfC\u00f3mo funciona una elevaci\u00f3n de mamas?<\/h2>\n<p>La elevaci\u00f3n de mamas<strong>(mastopexia<\/strong>) es una cirug\u00eda est\u00e9tica cuyo objetivo es elevar y remodelar las mamas ca\u00eddas eliminando el exceso de piel y tensando los tejidos.<\/p>\n<p>La intervenci\u00f3n tambi\u00e9n puede incluir la reducci\u00f3n del tama\u00f1o de la areola y la adici\u00f3n o <b>sustituci\u00f3n de implantes mamarios<\/b>.<\/p>\n<p>La cirug\u00eda de elevaci\u00f3n mamaria suele realizarse bajo anestesia general y dura unas 2-3 horas.<\/p>\n<p>Las incisiones suelen realizarse alrededor de la areola, a lo largo de la l\u00ednea inferior del pecho y en el surco submamario.<\/p>\n<p>La recuperaci\u00f3n puede llevar de 2 a 4 semanas y pueden aparecer hematomas y dolor.<\/p>\n<h2 class=\"western\">El candidato adecuado para una elevaci\u00f3n de pecho<\/h2>\n<p>Una buena candidata para una elevaci\u00f3n mamaria suele ser una mujer que presenta uno o m\u00e1s de los siguientes s\u00edntomas:<\/p>\n<ul>\n<li>Pechos ca\u00eddos o colgantes<\/li>\n<li>Piel mamaria fl\u00e1cida o sobrante<\/li>\n<li>Asimetr\u00eda mamaria<\/li>\n<li>Areolas ca\u00eddas o agrandadas<\/li>\n<li>Senos que han perdido firmeza o volumen como consecuencia del embarazo, la lactancia, una p\u00e9rdida importante de peso o el envejecimiento.<\/li>\n<\/ul>\n<p>Es esencial gozar de buena salud general y no fumar, ya que esto puede aumentar el riesgo de complicaciones y ralentizar la recuperaci\u00f3n.<\/p>\n<h2 class=\"western\">\u00bfCu\u00e1nto puede costar una elevaci\u00f3n de mamas?<\/h2>\n<p>El coste de una elevaci\u00f3n de mamas var\u00eda considerablemente en funci\u00f3n de una serie de factores como la ubicaci\u00f3n geogr\u00e1fica, el cirujano pl\u00e1stico, las opciones quir\u00fargicas elegidas (por ejemplo, combinaci\u00f3n con aumento o reducci\u00f3n de mamas) y los costes de la anestesia.<\/p>\n<p>En general, el <span style=\"color: #0563c1;\"><u><a href=\"https:\/\/www.polycliniqueplus.com\/prix-chirurgie-esthetique-turquie\/\"> <b>El coste de un lifting mamario en Estambul puede oscilar entre 2400 y 3000 euros.<\/b><\/a><\/u><\/span> Es importante tener en cuenta que la mayor\u00eda de las compa\u00f1\u00edas de seguros no cubren el coste de la cirug\u00eda est\u00e9tica, por lo que es importante discutir las opciones de financiaci\u00f3n con el cirujano pl\u00e1stico.<\/p>\n<p>Elija un cirujano pl\u00e1stico colegiado para asegurarse de que cuenta con los conocimientos y la experiencia necesarios para realizar este tipo de cirug\u00eda de forma segura y evitar los riesgos asociados a la cirug\u00eda est\u00e9tica realizada por profesionales no cualificados.<\/p>\n<h2 class=\"western\">\u00bfLa elevaci\u00f3n de mamas corrige la asimetr\u00eda mamaria?<\/h2>\n<p>Un lifting de mamas puede corregir <strong><a href=\"https:\/\/www.polycliniqueplus.com\/blog\/asymetrie-mammaire-truquie\/\">asimetr\u00eda mamaria<\/a><\/strong> remodelando y tensando el tejido para elevar los senos y eliminando el exceso de piel. Sin embargo, es importante tener en cuenta que la asimetr\u00eda mamaria puede deberse a factores como el tama\u00f1o y la forma de las areolas, la diferencia de volumen mamario y la diferencia de posici\u00f3n del pez\u00f3n.<\/p>\n<p>En algunos casos, puede ser necesaria una combinaci\u00f3n de t\u00e9cnicas quir\u00fargicas para corregir la asimetr\u00eda mamaria, como una elevaci\u00f3n de mamas combinada con un aumento mamario o una reducci\u00f3n mamaria para enderezar las mamas asim\u00e9tricas.<\/p>\n<p>Hable con un cirujano pl\u00e1stico certificado para evaluar las opciones y los riesgos de corregir la asimetr\u00eda mamaria.<\/p>\n<h2 class=\"western\">\u00bfPodemos combinar la correcci\u00f3n del pez\u00f3n umbilical y la elevaci\u00f3n de mamas?<\/h2>\n<p>S\u00ed, es posible combinar una correcci\u00f3n del pez\u00f3n umbilical (tambi\u00e9n conocido como pez\u00f3n invertido) con una elevaci\u00f3n de mamas en la misma intervenci\u00f3n quir\u00fargica.<\/p>\n<p>La correcci\u00f3n del pez\u00f3n umbilical es un procedimiento que consiste en reposicionar el pez\u00f3n y la areola a una posici\u00f3n normal. Puede realizarse al mismo tiempo que una elevaci\u00f3n mamaria mediante incisiones similares.<\/p>\n<p>El tiempo de recuperaci\u00f3n puede ser m\u00e1s largo y existen riesgos de complicaciones adicionales cuando se combinan dos procedimientos quir\u00fargicos.<\/p>\n<h2 class=\"western\">\u00bfCu\u00e1les son los resultados de una elevaci\u00f3n de mamas?<\/h2>\n<p>Los resultados de una elevaci\u00f3n mamaria pueden variar en funci\u00f3n de la paciente, pero en general son los siguientes:<\/p>\n<ul>\n<li>Elevaci\u00f3n de mamas ca\u00eddas o colgantes<\/li>\n<li>Reafirmaci\u00f3n y remodelaci\u00f3n de los senos<\/li>\n<li>Reducci\u00f3n del tama\u00f1o de la areola, si es necesario<\/li>\n<li>Mejora del aspecto general de los senos<\/li>\n<\/ul>\n<p>El resultado final puede no ser visible inmediatamente y pueden pasar varios meses hasta que los resultados finales sean visibles, especialmente para que la piel se retraiga completamente. Los resultados pueden ser temporales y el envejecimiento, las fluctuaciones de peso y los embarazos pueden volver a afectar al aspecto de los senos.<\/p>\n<h2 class=\"western\">\u00bfCu\u00e1nto puede durar el resultado de una elevaci\u00f3n de mamas?<\/h2>\n<p>El resultado de una elevaci\u00f3n mamaria puede durar muchos a\u00f1os, pero esto depender\u00e1 de factores individuales como la edad, el estilo de vida, las fluctuaciones de peso y los embarazos posteriores. El envejecimiento natural tambi\u00e9n puede afectar al aspecto de los senos con el paso del tiempo.<\/p>\n<p>Los senos seguir\u00e1n cambiando con el tiempo, incluso despu\u00e9s de la cirug\u00eda de elevaci\u00f3n mamaria. Es importante mantener un peso estable y no fumar para maximizar la duraci\u00f3n de los resultados de la cirug\u00eda.<\/p>\n","protected":false},"excerpt":{"rendered":"<p>Existen varias opciones para levantar los senos ca\u00eddos o con ptosis mamaria. Una de las opciones m\u00e1s utilizadas es la elevaci\u00f3n de mamas. Esta t\u00e9cnica consiste en eliminar el exceso de grasa, piel y tejido mamario para remodelar y elevar el pecho. Tambi\u00e9n puede incluir la reducci\u00f3n del tama\u00f1o de las areolas y el ajuste [&hellip;]<\/p>\n","protected":false},"author":1,"featured_media":14315,"comment_status":"open","ping_status":"open","sticky":false,"template":"","format":"standard","meta":{"footnotes":""},"categories":[122],"tags":[],"class_list":["post-15314","post","type-post","status-publish","format-standard","has-post-thumbnail","hentry","category-sin-categorizar"],"yoast_head":"<!-- This site is optimized with the Yoast SEO plugin v27.3 - https:\/\/yoast.com\/product\/yoast-seo-wordpress\/ -->\n<title>T\u00e9cnicas para modelar el tama\u00f1o y el volumen de los senos<\/title>\n<meta name=\"description\" content=\"El coste de una elevaci\u00f3n de mamas var\u00eda considerablemente en funci\u00f3n de una serie de factores como la ubicaci\u00f3n geogr\u00e1fica, el cirujano pl\u00e1stico, las opciones quir\u00fargicas elegidas (por ejemplo, combinaci\u00f3n con aumento o reducci\u00f3n de mamas) y los costes de la anestesia.\" \/>\n<meta name=\"robots\" content=\"index, follow, max-snippet:-1, max-image-preview:large, max-video-preview:-1\" \/>\n<link rel=\"canonical\" href=\"https:\/\/www.polycliniqueplus.com\/es\/blog\/reafirmar-los-senos-caidos\/\" \/>\n<meta property=\"og:locale\" content=\"es_ES\" \/>\n<meta property=\"og:type\" content=\"article\" \/>\n<meta property=\"og:title\" content=\"T\u00e9cnicas para modelar el tama\u00f1o y el volumen de los senos\" \/>\n<meta property=\"og:description\" content=\"El coste de una elevaci\u00f3n de mamas var\u00eda considerablemente en funci\u00f3n de una serie de factores como la ubicaci\u00f3n geogr\u00e1fica, el cirujano pl\u00e1stico, las opciones quir\u00fargicas elegidas (por ejemplo, combinaci\u00f3n con aumento o reducci\u00f3n de mamas) y los costes de la anestesia.\" \/>\n<meta property=\"og:url\" content=\"https:\/\/www.polycliniqueplus.com\/es\/blog\/reafirmar-los-senos-caidos\/\" \/>\n<meta property=\"og:site_name\" content=\"Chirurgie esthetique Turquie : Prix interventions meilleures cliniques Istanbul\" \/>\n<meta property=\"article:publisher\" content=\"https:\/\/www.facebook.com\/polycliniqueplus\" \/>\n<meta property=\"article:published_time\" content=\"2023-01-18T10:12:38+00:00\" \/>\n<meta property=\"article:modified_time\" content=\"2023-02-02T09:56:02+00:00\" \/>\n<meta property=\"og:image\" content=\"https:\/\/www.polycliniqueplus.com\/wp-content\/uploads\/2023\/01\/raffermir-seins-relaches-Turquie.jpg\" \/>\n\t<meta property=\"og:image:width\" content=\"960\" \/>\n\t<meta property=\"og:image:height\" content=\"640\" \/>\n\t<meta property=\"og:image:type\" content=\"image\/jpeg\" \/>\n<meta name=\"author\" content=\"Mirna\" \/>\n<meta name=\"twitter:card\" content=\"summary_large_image\" \/>\n<meta name=\"twitter:creator\" content=\"@polyclinique1\" \/>\n<meta name=\"twitter:site\" content=\"@polyclinique1\" \/>\n<meta name=\"twitter:label1\" content=\"Escrito por\" \/>\n\t<meta name=\"twitter:data1\" content=\"Mirna\" \/>\n\t<meta name=\"twitter:label2\" content=\"Tiempo de lectura\" \/>\n\t<meta name=\"twitter:data2\" content=\"6 minutos\" \/>\n<script type=\"application\/ld+json\" class=\"yoast-schema-graph\">{\"@context\":\"https:\\\/\\\/schema.org\",\"@graph\":[{\"@type\":\"Article\",\"@id\":\"https:\\\/\\\/www.polycliniqueplus.com\\\/es\\\/blog\\\/reafirmar-los-senos-caidos\\\/#article\",\"isPartOf\":{\"@id\":\"https:\\\/\\\/www.polycliniqueplus.com\\\/es\\\/blog\\\/reafirmar-los-senos-caidos\\\/\"},\"author\":{\"name\":\"Mirna\",\"@id\":\"https:\\\/\\\/www.polycliniqueplus.com\\\/es\\\/#\\\/schema\\\/person\\\/0525a0bd10c537b179c46d27f9a7ddfe\"},\"headline\":\"\u00bfC\u00f3mo reafirmar los pechos ca\u00eddos?\",\"datePublished\":\"2023-01-18T10:12:38+00:00\",\"dateModified\":\"2023-02-02T09:56:02+00:00\",\"mainEntityOfPage\":{\"@id\":\"https:\\\/\\\/www.polycliniqueplus.com\\\/es\\\/blog\\\/reafirmar-los-senos-caidos\\\/\"},\"wordCount\":1196,\"commentCount\":0,\"publisher\":{\"@id\":\"https:\\\/\\\/www.polycliniqueplus.com\\\/es\\\/#organization\"},\"image\":{\"@id\":\"https:\\\/\\\/www.polycliniqueplus.com\\\/es\\\/blog\\\/reafirmar-los-senos-caidos\\\/#primaryimage\"},\"thumbnailUrl\":\"https:\\\/\\\/www.polycliniqueplus.com\\\/wp-content\\\/uploads\\\/2023\\\/01\\\/raffermir-seins-relaches-Turquie.jpg\",\"articleSection\":[\"Sin categorizar\"],\"inLanguage\":\"es\"},{\"@type\":\"WebPage\",\"@id\":\"https:\\\/\\\/www.polycliniqueplus.com\\\/es\\\/blog\\\/reafirmar-los-senos-caidos\\\/\",\"url\":\"https:\\\/\\\/www.polycliniqueplus.com\\\/es\\\/blog\\\/reafirmar-los-senos-caidos\\\/\",\"name\":\"T\u00e9cnicas para modelar el tama\u00f1o y el volumen de los senos\",\"isPartOf\":{\"@id\":\"https:\\\/\\\/www.polycliniqueplus.com\\\/es\\\/#website\"},\"primaryImageOfPage\":{\"@id\":\"https:\\\/\\\/www.polycliniqueplus.com\\\/es\\\/blog\\\/reafirmar-los-senos-caidos\\\/#primaryimage\"},\"image\":{\"@id\":\"https:\\\/\\\/www.polycliniqueplus.com\\\/es\\\/blog\\\/reafirmar-los-senos-caidos\\\/#primaryimage\"},\"thumbnailUrl\":\"https:\\\/\\\/www.polycliniqueplus.com\\\/wp-content\\\/uploads\\\/2023\\\/01\\\/raffermir-seins-relaches-Turquie.jpg\",\"datePublished\":\"2023-01-18T10:12:38+00:00\",\"dateModified\":\"2023-02-02T09:56:02+00:00\",\"description\":\"El coste de una elevaci\u00f3n de mamas var\u00eda considerablemente en funci\u00f3n de una serie de factores como la ubicaci\u00f3n geogr\u00e1fica, el cirujano pl\u00e1stico, las opciones quir\u00fargicas elegidas (por ejemplo, combinaci\u00f3n con aumento o reducci\u00f3n de mamas) y los costes de la anestesia.\",\"breadcrumb\":{\"@id\":\"https:\\\/\\\/www.polycliniqueplus.com\\\/es\\\/blog\\\/reafirmar-los-senos-caidos\\\/#breadcrumb\"},\"inLanguage\":\"es\",\"potentialAction\":[{\"@type\":\"ReadAction\",\"target\":[\"https:\\\/\\\/www.polycliniqueplus.com\\\/es\\\/blog\\\/reafirmar-los-senos-caidos\\\/\"]}]},{\"@type\":\"ImageObject\",\"inLanguage\":\"es\",\"@id\":\"https:\\\/\\\/www.polycliniqueplus.com\\\/es\\\/blog\\\/reafirmar-los-senos-caidos\\\/#primaryimage\",\"url\":\"https:\\\/\\\/www.polycliniqueplus.com\\\/wp-content\\\/uploads\\\/2023\\\/01\\\/raffermir-seins-relaches-Turquie.jpg\",\"contentUrl\":\"https:\\\/\\\/www.polycliniqueplus.com\\\/wp-content\\\/uploads\\\/2023\\\/01\\\/raffermir-seins-relaches-Turquie.jpg\",\"width\":960,\"height\":640,\"caption\":\"raffermir-seins-relaches-Turquie\"},{\"@type\":\"BreadcrumbList\",\"@id\":\"https:\\\/\\\/www.polycliniqueplus.com\\\/es\\\/blog\\\/reafirmar-los-senos-caidos\\\/#breadcrumb\",\"itemListElement\":[{\"@type\":\"ListItem\",\"position\":1,\"name\":\"Accueil\",\"item\":\"https:\\\/\\\/www.polycliniqueplus.com\\\/es\\\/\"},{\"@type\":\"ListItem\",\"position\":2,\"name\":\"\u00bfC\u00f3mo reafirmar los pechos ca\u00eddos?\"}]},{\"@type\":\"WebSite\",\"@id\":\"https:\\\/\\\/www.polycliniqueplus.com\\\/es\\\/#website\",\"url\":\"https:\\\/\\\/www.polycliniqueplus.com\\\/es\\\/\",\"name\":\"Chirurgie esthetique Turquie : Prix interventions meilleures cliniques Istanbul\",\"description\":\"Chirurgie esthetique Turquie prix pas cher\",\"publisher\":{\"@id\":\"https:\\\/\\\/www.polycliniqueplus.com\\\/es\\\/#organization\"},\"potentialAction\":[{\"@type\":\"SearchAction\",\"target\":{\"@type\":\"EntryPoint\",\"urlTemplate\":\"https:\\\/\\\/www.polycliniqueplus.com\\\/es\\\/?s={search_term_string}\"},\"query-input\":{\"@type\":\"PropertyValueSpecification\",\"valueRequired\":true,\"valueName\":\"search_term_string\"}}],\"inLanguage\":\"es\"},{\"@type\":\"Organization\",\"@id\":\"https:\\\/\\\/www.polycliniqueplus.com\\\/es\\\/#organization\",\"name\":\"Polycliniqueplus chirurgie esthetique Turquie\",\"url\":\"https:\\\/\\\/www.polycliniqueplus.com\\\/es\\\/\",\"logo\":{\"@type\":\"ImageObject\",\"inLanguage\":\"es\",\"@id\":\"https:\\\/\\\/www.polycliniqueplus.com\\\/es\\\/#\\\/schema\\\/logo\\\/image\\\/\",\"url\":\"https:\\\/\\\/www.polycliniqueplus.com\\\/wp-content\\\/uploads\\\/2021\\\/03\\\/cropped-add-box-fill.png\",\"contentUrl\":\"https:\\\/\\\/www.polycliniqueplus.com\\\/wp-content\\\/uploads\\\/2021\\\/03\\\/cropped-add-box-fill.png\",\"width\":512,\"height\":512,\"caption\":\"Polycliniqueplus chirurgie esthetique Turquie\"},\"image\":{\"@id\":\"https:\\\/\\\/www.polycliniqueplus.com\\\/es\\\/#\\\/schema\\\/logo\\\/image\\\/\"},\"sameAs\":[\"https:\\\/\\\/www.facebook.com\\\/polycliniqueplus\",\"https:\\\/\\\/x.com\\\/polyclinique1\",\"https:\\\/\\\/www.youtube.com\\\/channel\\\/UCAnK3TORJqflIuYGFa-JQDw\"]},{\"@type\":\"Person\",\"@id\":\"https:\\\/\\\/www.polycliniqueplus.com\\\/es\\\/#\\\/schema\\\/person\\\/0525a0bd10c537b179c46d27f9a7ddfe\",\"name\":\"Mirna\",\"image\":{\"@type\":\"ImageObject\",\"inLanguage\":\"es\",\"@id\":\"https:\\\/\\\/secure.gravatar.com\\\/avatar\\\/a66d15ec76051205756db13372446db97237a4727517044f67012dd173d87cab?s=96&d=mm&r=g\",\"url\":\"https:\\\/\\\/secure.gravatar.com\\\/avatar\\\/a66d15ec76051205756db13372446db97237a4727517044f67012dd173d87cab?s=96&d=mm&r=g\",\"contentUrl\":\"https:\\\/\\\/secure.gravatar.com\\\/avatar\\\/a66d15ec76051205756db13372446db97237a4727517044f67012dd173d87cab?s=96&d=mm&r=g\",\"caption\":\"Mirna\"},\"url\":\"https:\\\/\\\/www.polycliniqueplus.com\\\/es\\\/blog\\\/author\\\/polyclin_pluscom\\\/\"}]}<\/script>\n<!-- \/ Yoast SEO plugin. -->","yoast_head_json":{"title":"T\u00e9cnicas para modelar el tama\u00f1o y el volumen de los senos","description":"El coste de una elevaci\u00f3n de mamas var\u00eda considerablemente en funci\u00f3n de una serie de factores como la ubicaci\u00f3n geogr\u00e1fica, el cirujano pl\u00e1stico, las opciones quir\u00fargicas elegidas (por ejemplo, combinaci\u00f3n con aumento o reducci\u00f3n de mamas) y los costes de la anestesia.","robots":{"index":"index","follow":"follow","max-snippet":"max-snippet:-1","max-image-preview":"max-image-preview:large","max-video-preview":"max-video-preview:-1"},"canonical":"https:\/\/www.polycliniqueplus.com\/es\/blog\/reafirmar-los-senos-caidos\/","og_locale":"es_ES","og_type":"article","og_title":"T\u00e9cnicas para modelar el tama\u00f1o y el volumen de los senos","og_description":"El coste de una elevaci\u00f3n de mamas var\u00eda considerablemente en funci\u00f3n de una serie de factores como la ubicaci\u00f3n geogr\u00e1fica, el cirujano pl\u00e1stico, las opciones quir\u00fargicas elegidas (por ejemplo, combinaci\u00f3n con aumento o reducci\u00f3n de mamas) y los costes de la anestesia.","og_url":"https:\/\/www.polycliniqueplus.com\/es\/blog\/reafirmar-los-senos-caidos\/","og_site_name":"Chirurgie esthetique Turquie : Prix interventions meilleures cliniques Istanbul","article_publisher":"https:\/\/www.facebook.com\/polycliniqueplus","article_published_time":"2023-01-18T10:12:38+00:00","article_modified_time":"2023-02-02T09:56:02+00:00","og_image":[{"width":960,"height":640,"url":"https:\/\/www.polycliniqueplus.com\/wp-content\/uploads\/2023\/01\/raffermir-seins-relaches-Turquie.jpg","type":"image\/jpeg"}],"author":"Mirna","twitter_card":"summary_large_image","twitter_creator":"@polyclinique1","twitter_site":"@polyclinique1","twitter_misc":{"Escrito por":"Mirna","Tiempo de lectura":"6 minutos"},"schema":{"@context":"https:\/\/schema.org","@graph":[{"@type":"Article","@id":"https:\/\/www.polycliniqueplus.com\/es\/blog\/reafirmar-los-senos-caidos\/#article","isPartOf":{"@id":"https:\/\/www.polycliniqueplus.com\/es\/blog\/reafirmar-los-senos-caidos\/"},"author":{"name":"Mirna","@id":"https:\/\/www.polycliniqueplus.com\/es\/#\/schema\/person\/0525a0bd10c537b179c46d27f9a7ddfe"},"headline":"\u00bfC\u00f3mo reafirmar los pechos ca\u00eddos?","datePublished":"2023-01-18T10:12:38+00:00","dateModified":"2023-02-02T09:56:02+00:00","mainEntityOfPage":{"@id":"https:\/\/www.polycliniqueplus.com\/es\/blog\/reafirmar-los-senos-caidos\/"},"wordCount":1196,"commentCount":0,"publisher":{"@id":"https:\/\/www.polycliniqueplus.com\/es\/#organization"},"image":{"@id":"https:\/\/www.polycliniqueplus.com\/es\/blog\/reafirmar-los-senos-caidos\/#primaryimage"},"thumbnailUrl":"https:\/\/www.polycliniqueplus.com\/wp-content\/uploads\/2023\/01\/raffermir-seins-relaches-Turquie.jpg","articleSection":["Sin categorizar"],"inLanguage":"es"},{"@type":"WebPage","@id":"https:\/\/www.polycliniqueplus.com\/es\/blog\/reafirmar-los-senos-caidos\/","url":"https:\/\/www.polycliniqueplus.com\/es\/blog\/reafirmar-los-senos-caidos\/","name":"T\u00e9cnicas para modelar el tama\u00f1o y el volumen de los senos","isPartOf":{"@id":"https:\/\/www.polycliniqueplus.com\/es\/#website"},"primaryImageOfPage":{"@id":"https:\/\/www.polycliniqueplus.com\/es\/blog\/reafirmar-los-senos-caidos\/#primaryimage"},"image":{"@id":"https:\/\/www.polycliniqueplus.com\/es\/blog\/reafirmar-los-senos-caidos\/#primaryimage"},"thumbnailUrl":"https:\/\/www.polycliniqueplus.com\/wp-content\/uploads\/2023\/01\/raffermir-seins-relaches-Turquie.jpg","datePublished":"2023-01-18T10:12:38+00:00","dateModified":"2023-02-02T09:56:02+00:00","description":"El coste de una elevaci\u00f3n de mamas var\u00eda considerablemente en funci\u00f3n de una serie de factores como la ubicaci\u00f3n geogr\u00e1fica, el cirujano pl\u00e1stico, las opciones quir\u00fargicas elegidas (por ejemplo, combinaci\u00f3n con aumento o reducci\u00f3n de mamas) y los costes de la anestesia.","breadcrumb":{"@id":"https:\/\/www.polycliniqueplus.com\/es\/blog\/reafirmar-los-senos-caidos\/#breadcrumb"},"inLanguage":"es","potentialAction":[{"@type":"ReadAction","target":["https:\/\/www.polycliniqueplus.com\/es\/blog\/reafirmar-los-senos-caidos\/"]}]},{"@type":"ImageObject","inLanguage":"es","@id":"https:\/\/www.polycliniqueplus.com\/es\/blog\/reafirmar-los-senos-caidos\/#primaryimage","url":"https:\/\/www.polycliniqueplus.com\/wp-content\/uploads\/2023\/01\/raffermir-seins-relaches-Turquie.jpg","contentUrl":"https:\/\/www.polycliniqueplus.com\/wp-content\/uploads\/2023\/01\/raffermir-seins-relaches-Turquie.jpg","width":960,"height":640,"caption":"raffermir-seins-relaches-Turquie"},{"@type":"BreadcrumbList","@id":"https:\/\/www.polycliniqueplus.com\/es\/blog\/reafirmar-los-senos-caidos\/#breadcrumb","itemListElement":[{"@type":"ListItem","position":1,"name":"Accueil","item":"https:\/\/www.polycliniqueplus.com\/es\/"},{"@type":"ListItem","position":2,"name":"\u00bfC\u00f3mo reafirmar los pechos ca\u00eddos?"}]},{"@type":"WebSite","@id":"https:\/\/www.polycliniqueplus.com\/es\/#website","url":"https:\/\/www.polycliniqueplus.com\/es\/","name":"Chirurgie esthetique Turquie : Prix interventions meilleures cliniques Istanbul","description":"Chirurgie esthetique Turquie prix pas cher","publisher":{"@id":"https:\/\/www.polycliniqueplus.com\/es\/#organization"},"potentialAction":[{"@type":"SearchAction","target":{"@type":"EntryPoint","urlTemplate":"https:\/\/www.polycliniqueplus.com\/es\/?s={search_term_string}"},"query-input":{"@type":"PropertyValueSpecification","valueRequired":true,"valueName":"search_term_string"}}],"inLanguage":"es"},{"@type":"Organization","@id":"https:\/\/www.polycliniqueplus.com\/es\/#organization","name":"Polycliniqueplus chirurgie esthetique Turquie","url":"https:\/\/www.polycliniqueplus.com\/es\/","logo":{"@type":"ImageObject","inLanguage":"es","@id":"https:\/\/www.polycliniqueplus.com\/es\/#\/schema\/logo\/image\/","url":"https:\/\/www.polycliniqueplus.com\/wp-content\/uploads\/2021\/03\/cropped-add-box-fill.png","contentUrl":"https:\/\/www.polycliniqueplus.com\/wp-content\/uploads\/2021\/03\/cropped-add-box-fill.png","width":512,"height":512,"caption":"Polycliniqueplus chirurgie esthetique Turquie"},"image":{"@id":"https:\/\/www.polycliniqueplus.com\/es\/#\/schema\/logo\/image\/"},"sameAs":["https:\/\/www.facebook.com\/polycliniqueplus","https:\/\/x.com\/polyclinique1","https:\/\/www.youtube.com\/channel\/UCAnK3TORJqflIuYGFa-JQDw"]},{"@type":"Person","@id":"https:\/\/www.polycliniqueplus.com\/es\/#\/schema\/person\/0525a0bd10c537b179c46d27f9a7ddfe","name":"Mirna","image":{"@type":"ImageObject","inLanguage":"es","@id":"https:\/\/secure.gravatar.com\/avatar\/a66d15ec76051205756db13372446db97237a4727517044f67012dd173d87cab?s=96&d=mm&r=g","url":"https:\/\/secure.gravatar.com\/avatar\/a66d15ec76051205756db13372446db97237a4727517044f67012dd173d87cab?s=96&d=mm&r=g","contentUrl":"https:\/\/secure.gravatar.com\/avatar\/a66d15ec76051205756db13372446db97237a4727517044f67012dd173d87cab?s=96&d=mm&r=g","caption":"Mirna"},"url":"https:\/\/www.polycliniqueplus.com\/es\/blog\/author\/polyclin_pluscom\/"}]}},"_links":{"self":[{"href":"https:\/\/www.polycliniqueplus.com\/es\/wp-json\/wp\/v2\/posts\/15314","targetHints":{"allow":["GET"]}}],"collection":[{"href":"https:\/\/www.polycliniqueplus.com\/es\/wp-json\/wp\/v2\/posts"}],"about":[{"href":"https:\/\/www.polycliniqueplus.com\/es\/wp-json\/wp\/v2\/types\/post"}],"author":[{"embeddable":true,"href":"https:\/\/www.polycliniqueplus.com\/es\/wp-json\/wp\/v2\/users\/1"}],"replies":[{"embeddable":true,"href":"https:\/\/www.polycliniqueplus.com\/es\/wp-json\/wp\/v2\/comments?post=15314"}],"version-history":[{"count":4,"href":"https:\/\/www.polycliniqueplus.com\/es\/wp-json\/wp\/v2\/posts\/15314\/revisions"}],"predecessor-version":[{"id":15322,"href":"https:\/\/www.polycliniqueplus.com\/es\/wp-json\/wp\/v2\/posts\/15314\/revisions\/15322"}],"wp:featuredmedia":[{"embeddable":true,"href":"https:\/\/www.polycliniqueplus.com\/es\/wp-json\/wp\/v2\/media\/14315"}],"wp:attachment":[{"href":"https:\/\/www.polycliniqueplus.com\/es\/wp-json\/wp\/v2\/media?parent=15314"}],"wp:term":[{"taxonomy":"category","embeddable":true,"href":"https:\/\/www.polycliniqueplus.com\/es\/wp-json\/wp\/v2\/categories?post=15314"},{"taxonomy":"post_tag","embeddable":true,"href":"https:\/\/www.polycliniqueplus.com\/es\/wp-json\/wp\/v2\/tags?post=15314"}],"curies":[{"name":"wp","href":"https:\/\/api.w.org\/{rel}","templated":true}]}}