{"id":12185,"date":"2020-04-03T07:53:22","date_gmt":"2020-04-03T05:53:22","guid":{"rendered":"https:\/\/www.polycliniqueplus.com\/blog\/actualizacion-sobre-obesidad-infantil\/"},"modified":"2024-07-29T09:27:09","modified_gmt":"2024-07-29T07:27:09","slug":"actualizacion-sobre-obesidad-infantil","status":"publish","type":"post","link":"https:\/\/www.polycliniqueplus.com\/es\/blog\/actualizacion-sobre-obesidad-infantil\/","title":{"rendered":"Actualizaci\u00f3n sobre obesidad infantil"},"content":{"rendered":"<p>La obesidad infantil aumenta a un ritmo exponencial.<\/p>\n<p>Los pol\u00edticos (alertados por m\u00e9dicos y profesores) empiezan a darse cuenta de la magnitud del fen\u00f3meno y de sus repercusiones sociales y econ\u00f3micas.<\/p>\n<p>La obesidad infantil afecta a las familias m\u00e1s desfavorecidas, creando m\u00e1s injusticia.<\/p>\n<p>Porque un ni\u00f1o afectado por la obesidad corre un gran riesgo de padecer trastornos psicomotores y psicol\u00f3gicos. Un ni\u00f1o obeso no suele hacer deporte y se mueve muy poco, por lo que le resulta dif\u00edcil aprender sobre su cuerpo.<\/p>\n<p>Los ni\u00f1os<a href=\"https:\/\/www.polycliniqueplus.com\/chirurgie-obesite-turquie\/\">obesos<\/a> suelen estar al margen de la sociedad porque se burlan de ellos (los tachan err\u00f3neamente de blandos, solitarios, vagos y miedosos).<\/p>\n<p>Por eso es importante vigilar de cerca a su hijo, porque un ni\u00f1o obeso tiene muchas probabilidades de convertirse en un adulto obeso.<\/p>\n<p>Por lo tanto, es necesario reaccionar con rapidez para que los patrones alimentarios y de comportamiento no se conviertan en permanentes.<\/p>\n<p>Es durante la infancia cuando deben establecerse buenos h\u00e1bitos alimentarios.<\/p>\n<p>Hay tres razones principales (excluida la herencia) para la obesidad infantil<\/p>\n<p>Una dieta demasiado rica en grasas ocultas (demasiada carne roja, patatas fritas, galletas, patatas fritas, chocolate) y az\u00facares r\u00e1pidos (refrescos, dulces, etc.).<\/p>\n<p>H\u00e1bitos alimentarios an\u00e1rquicos con muy poco (o ning\u00fan) desayuno y picoteo incesante (normalmente delante de la televisi\u00f3n).<\/p>\n<p>La inactividad de los ni\u00f1os de hoy, que pasan la inmensa mayor\u00eda de su tiempo delante del televisor (donde tambi\u00e9n reciben miles de anuncios de dulces ricos en grasas y az\u00facares r\u00e1pidos) o de su videoconsola.<\/p>\n<p>Estos ni\u00f1os, v\u00edctimas de la obesidad, ya no se mueven o apenas se mueven (les llevan al colegio en coche, viven en pisos peque\u00f1os sin espacio&#8230;) y, por tanto, apenas hacen ejercicio.<\/p>\n<p>Sus comportamientos alimentarios (picoteo) y sus dietas (ricas en grasas y az\u00facares) ya no les permiten saber si est\u00e1n saciados o no, creando as\u00ed trastornos alimentarios dif\u00edciles de modificar en la edad adulta.<\/p>\n<p>Para <a href=\"https:\/\/www.polycliniqueplus.com\/sleeve-turquie\/\">luchar contra la obesidad<\/a>  En los ni\u00f1os, es importante no imponerles una dieta restrictiva estricta (todav\u00eda est\u00e1n creciendo), sino crear un c\u00edrculo virtuoso introduci\u00e9ndoles en una alimentaci\u00f3n variada y equilibrada y, sobre todo, introducirles progresivamente en el deporte (empezando por la marcha al principio para darles el gusto de salir, permitirles reaprender su cuerpo y, sobre todo, reducir la televisi\u00f3n, que crea una actitud pasiva).<\/p>\n<p>Los estudios demuestran que los ni\u00f1os con televisi\u00f3n en la habitaci\u00f3n tienen tres veces m\u00e1s probabilidades de padecer obesidad.<\/p>\n<p>Si un ni\u00f1o realiza una actividad f\u00edsica regular, puede disfrutar de alimentos dulces y no hay riesgo de que aumente de peso.<\/p>\n<p>Veamos con un poco m\u00e1s de detalle las distintas fases del crecimiento de un ni\u00f1o y, sobre todo, los momentos en los que hay que estar m\u00e1s atentos.<\/p>\n<p>Entre el nacimiento y los dos a\u00f1os: Las curvas del beb\u00e9 son normales.<\/p>\n<p><strong>Despu\u00e9s de 2 a\u00f1os:<\/strong> fase de crecimiento prolongado. El aumento de peso es m\u00e1s lento que el crecimiento. Los ni\u00f1os son entonces delgados o incluso flacos.<\/p>\n<p><strong>Entre 4 y 7 a\u00f1os:<\/strong> Suelen ser delgados. Se trata de una cifra normal y los padres no deben obligarles a comer, ya que esto podr\u00eda dar lugar a malos h\u00e1bitos alimentarios, especialmente en lo que se refiere al hambre y la saciedad.<\/p>\n<p><strong>Ni\u00f1o mayor de 8 a\u00f1os:<\/strong> segunda fase de sobrepeso sin motivo de preocupaci\u00f3n<\/p>\n<p><strong>Inicio de la pubertad:<\/strong> es probable que el ni\u00f1o sea delgado si el aumento de peso sigue siendo moderado.<\/p>\n<p>Por lo tanto, hay que tener cuidado con los ni\u00f1os de 10 a 13 a\u00f1os con sobrepeso, ya que corren un alto riesgo de desarrollar obesidad grave de por vida.<\/p>\n<p>Tambi\u00e9n hay que tener cuidado si el ni\u00f1o tiene sobrepeso durante las fases de crecimiento y uno o ambos progenitores tambi\u00e9n tienen sobrepeso.<\/p>\n<p>Hay que animar a los ni\u00f1os v\u00edctimas de la obesidad a practicar una actividad f\u00edsica y crear un c\u00edrculo virtuoso para que recuperen la confianza en s\u00ed mismos y, sobre todo, evitar las dietas estrictas, ya que una alimentaci\u00f3n normal y equilibrada y la pr\u00e1ctica regular de ejercicio deber\u00edan bastar.<\/p>\n","protected":false},"excerpt":{"rendered":"<p>La obesidad infantil aumenta a un ritmo exponencial. Los pol\u00edticos (alertados por m\u00e9dicos y profesores) empiezan a darse cuenta de la magnitud del fen\u00f3meno y de sus repercusiones sociales y econ\u00f3micas. La obesidad infantil afecta a las familias m\u00e1s desfavorecidas, creando m\u00e1s injusticia. Porque un ni\u00f1o afectado por la obesidad corre un gran riesgo de [&hellip;]<\/p>\n","protected":false},"author":1,"featured_media":12187,"comment_status":"closed","ping_status":"closed","sticky":false,"template":"","format":"standard","meta":{"footnotes":""},"categories":[180],"tags":[227],"class_list":["post-12185","post","type-post","status-publish","format-standard","has-post-thumbnail","hentry","category-noticias","tag-cirugia-bariatrica"],"yoast_head":"<!-- This site is optimized with the Yoast SEO plugin v27.3 - https:\/\/yoast.com\/product\/yoast-seo-wordpress\/ -->\n<title>Actualizaci\u00f3n sobre obesidad infantil<\/title>\n<meta name=\"description\" content=\"La obesidad infantil afecta a las familias m\u00e1s desfavorecidas, creando m\u00e1s injusticia.\" \/>\n<meta name=\"robots\" content=\"index, follow, max-snippet:-1, max-image-preview:large, max-video-preview:-1\" \/>\n<link rel=\"canonical\" href=\"https:\/\/www.polycliniqueplus.com\/es\/blog\/actualizacion-sobre-obesidad-infantil\/\" \/>\n<meta property=\"og:locale\" content=\"es_ES\" \/>\n<meta property=\"og:type\" content=\"article\" \/>\n<meta property=\"og:title\" content=\"Actualizaci\u00f3n sobre obesidad infantil\" \/>\n<meta property=\"og:description\" content=\"La obesidad infantil afecta a las familias m\u00e1s desfavorecidas, creando m\u00e1s injusticia.\" \/>\n<meta property=\"og:url\" content=\"https:\/\/www.polycliniqueplus.com\/es\/blog\/actualizacion-sobre-obesidad-infantil\/\" \/>\n<meta property=\"og:site_name\" content=\"Chirurgie esthetique Turquie : Prix interventions meilleures cliniques Istanbul\" \/>\n<meta property=\"article:publisher\" content=\"https:\/\/www.facebook.com\/polycliniqueplus\" \/>\n<meta property=\"article:published_time\" content=\"2020-04-03T05:53:22+00:00\" \/>\n<meta property=\"article:modified_time\" content=\"2024-07-29T07:27:09+00:00\" \/>\n<meta property=\"og:image\" content=\"https:\/\/www.polycliniqueplus.com\/wp-content\/uploads\/2020\/04\/obesite-enfant-3.jpg\" \/>\n\t<meta property=\"og:image:width\" content=\"630\" \/>\n\t<meta property=\"og:image:height\" content=\"360\" \/>\n\t<meta property=\"og:image:type\" content=\"image\/jpeg\" \/>\n<meta name=\"author\" content=\"Mirna\" \/>\n<meta name=\"twitter:card\" content=\"summary_large_image\" \/>\n<meta name=\"twitter:creator\" content=\"@polyclinique1\" \/>\n<meta name=\"twitter:site\" content=\"@polyclinique1\" \/>\n<meta name=\"twitter:label1\" content=\"Escrito por\" \/>\n\t<meta name=\"twitter:data1\" content=\"Mirna\" \/>\n\t<meta name=\"twitter:label2\" content=\"Tiempo de lectura\" \/>\n\t<meta name=\"twitter:data2\" content=\"4 minutos\" \/>\n<script type=\"application\/ld+json\" class=\"yoast-schema-graph\">{\"@context\":\"https:\\\/\\\/schema.org\",\"@graph\":[{\"@type\":\"Article\",\"@id\":\"https:\\\/\\\/www.polycliniqueplus.com\\\/es\\\/blog\\\/actualizacion-sobre-obesidad-infantil\\\/#article\",\"isPartOf\":{\"@id\":\"https:\\\/\\\/www.polycliniqueplus.com\\\/es\\\/blog\\\/actualizacion-sobre-obesidad-infantil\\\/\"},\"author\":{\"name\":\"Mirna\",\"@id\":\"https:\\\/\\\/www.polycliniqueplus.com\\\/es\\\/#\\\/schema\\\/person\\\/0525a0bd10c537b179c46d27f9a7ddfe\"},\"headline\":\"Actualizaci\u00f3n sobre obesidad infantil\",\"datePublished\":\"2020-04-03T05:53:22+00:00\",\"dateModified\":\"2024-07-29T07:27:09+00:00\",\"mainEntityOfPage\":{\"@id\":\"https:\\\/\\\/www.polycliniqueplus.com\\\/es\\\/blog\\\/actualizacion-sobre-obesidad-infantil\\\/\"},\"wordCount\":732,\"publisher\":{\"@id\":\"https:\\\/\\\/www.polycliniqueplus.com\\\/es\\\/#organization\"},\"image\":{\"@id\":\"https:\\\/\\\/www.polycliniqueplus.com\\\/es\\\/blog\\\/actualizacion-sobre-obesidad-infantil\\\/#primaryimage\"},\"thumbnailUrl\":\"https:\\\/\\\/www.polycliniqueplus.com\\\/wp-content\\\/uploads\\\/2020\\\/04\\\/obesite-enfant-3.jpg\",\"keywords\":[\"cirug\u00eda bari\u00e1trica\"],\"articleSection\":[\"noticias\"],\"inLanguage\":\"es\"},{\"@type\":\"WebPage\",\"@id\":\"https:\\\/\\\/www.polycliniqueplus.com\\\/es\\\/blog\\\/actualizacion-sobre-obesidad-infantil\\\/\",\"url\":\"https:\\\/\\\/www.polycliniqueplus.com\\\/es\\\/blog\\\/actualizacion-sobre-obesidad-infantil\\\/\",\"name\":\"Actualizaci\u00f3n sobre obesidad infantil\",\"isPartOf\":{\"@id\":\"https:\\\/\\\/www.polycliniqueplus.com\\\/es\\\/#website\"},\"primaryImageOfPage\":{\"@id\":\"https:\\\/\\\/www.polycliniqueplus.com\\\/es\\\/blog\\\/actualizacion-sobre-obesidad-infantil\\\/#primaryimage\"},\"image\":{\"@id\":\"https:\\\/\\\/www.polycliniqueplus.com\\\/es\\\/blog\\\/actualizacion-sobre-obesidad-infantil\\\/#primaryimage\"},\"thumbnailUrl\":\"https:\\\/\\\/www.polycliniqueplus.com\\\/wp-content\\\/uploads\\\/2020\\\/04\\\/obesite-enfant-3.jpg\",\"datePublished\":\"2020-04-03T05:53:22+00:00\",\"dateModified\":\"2024-07-29T07:27:09+00:00\",\"description\":\"La obesidad infantil afecta a las familias m\u00e1s desfavorecidas, creando m\u00e1s injusticia.\",\"breadcrumb\":{\"@id\":\"https:\\\/\\\/www.polycliniqueplus.com\\\/es\\\/blog\\\/actualizacion-sobre-obesidad-infantil\\\/#breadcrumb\"},\"inLanguage\":\"es\",\"potentialAction\":[{\"@type\":\"ReadAction\",\"target\":[\"https:\\\/\\\/www.polycliniqueplus.com\\\/es\\\/blog\\\/actualizacion-sobre-obesidad-infantil\\\/\"]}]},{\"@type\":\"ImageObject\",\"inLanguage\":\"es\",\"@id\":\"https:\\\/\\\/www.polycliniqueplus.com\\\/es\\\/blog\\\/actualizacion-sobre-obesidad-infantil\\\/#primaryimage\",\"url\":\"https:\\\/\\\/www.polycliniqueplus.com\\\/wp-content\\\/uploads\\\/2020\\\/04\\\/obesite-enfant-3.jpg\",\"contentUrl\":\"https:\\\/\\\/www.polycliniqueplus.com\\\/wp-content\\\/uploads\\\/2020\\\/04\\\/obesite-enfant-3.jpg\",\"width\":630,\"height\":360},{\"@type\":\"BreadcrumbList\",\"@id\":\"https:\\\/\\\/www.polycliniqueplus.com\\\/es\\\/blog\\\/actualizacion-sobre-obesidad-infantil\\\/#breadcrumb\",\"itemListElement\":[{\"@type\":\"ListItem\",\"position\":1,\"name\":\"Accueil\",\"item\":\"https:\\\/\\\/www.polycliniqueplus.com\\\/es\\\/\"},{\"@type\":\"ListItem\",\"position\":2,\"name\":\"Actualizaci\u00f3n sobre obesidad infantil\"}]},{\"@type\":\"WebSite\",\"@id\":\"https:\\\/\\\/www.polycliniqueplus.com\\\/es\\\/#website\",\"url\":\"https:\\\/\\\/www.polycliniqueplus.com\\\/es\\\/\",\"name\":\"Chirurgie esthetique Turquie : Prix interventions meilleures cliniques Istanbul\",\"description\":\"Chirurgie esthetique Turquie prix pas cher\",\"publisher\":{\"@id\":\"https:\\\/\\\/www.polycliniqueplus.com\\\/es\\\/#organization\"},\"potentialAction\":[{\"@type\":\"SearchAction\",\"target\":{\"@type\":\"EntryPoint\",\"urlTemplate\":\"https:\\\/\\\/www.polycliniqueplus.com\\\/es\\\/?s={search_term_string}\"},\"query-input\":{\"@type\":\"PropertyValueSpecification\",\"valueRequired\":true,\"valueName\":\"search_term_string\"}}],\"inLanguage\":\"es\"},{\"@type\":\"Organization\",\"@id\":\"https:\\\/\\\/www.polycliniqueplus.com\\\/es\\\/#organization\",\"name\":\"Polycliniqueplus chirurgie esthetique Turquie\",\"url\":\"https:\\\/\\\/www.polycliniqueplus.com\\\/es\\\/\",\"logo\":{\"@type\":\"ImageObject\",\"inLanguage\":\"es\",\"@id\":\"https:\\\/\\\/www.polycliniqueplus.com\\\/es\\\/#\\\/schema\\\/logo\\\/image\\\/\",\"url\":\"https:\\\/\\\/www.polycliniqueplus.com\\\/wp-content\\\/uploads\\\/2021\\\/03\\\/cropped-add-box-fill.png\",\"contentUrl\":\"https:\\\/\\\/www.polycliniqueplus.com\\\/wp-content\\\/uploads\\\/2021\\\/03\\\/cropped-add-box-fill.png\",\"width\":512,\"height\":512,\"caption\":\"Polycliniqueplus chirurgie esthetique Turquie\"},\"image\":{\"@id\":\"https:\\\/\\\/www.polycliniqueplus.com\\\/es\\\/#\\\/schema\\\/logo\\\/image\\\/\"},\"sameAs\":[\"https:\\\/\\\/www.facebook.com\\\/polycliniqueplus\",\"https:\\\/\\\/x.com\\\/polyclinique1\",\"https:\\\/\\\/www.youtube.com\\\/channel\\\/UCAnK3TORJqflIuYGFa-JQDw\"]},{\"@type\":\"Person\",\"@id\":\"https:\\\/\\\/www.polycliniqueplus.com\\\/es\\\/#\\\/schema\\\/person\\\/0525a0bd10c537b179c46d27f9a7ddfe\",\"name\":\"Mirna\",\"image\":{\"@type\":\"ImageObject\",\"inLanguage\":\"es\",\"@id\":\"https:\\\/\\\/secure.gravatar.com\\\/avatar\\\/a66d15ec76051205756db13372446db97237a4727517044f67012dd173d87cab?s=96&d=mm&r=g\",\"url\":\"https:\\\/\\\/secure.gravatar.com\\\/avatar\\\/a66d15ec76051205756db13372446db97237a4727517044f67012dd173d87cab?s=96&d=mm&r=g\",\"contentUrl\":\"https:\\\/\\\/secure.gravatar.com\\\/avatar\\\/a66d15ec76051205756db13372446db97237a4727517044f67012dd173d87cab?s=96&d=mm&r=g\",\"caption\":\"Mirna\"},\"url\":\"https:\\\/\\\/www.polycliniqueplus.com\\\/es\\\/blog\\\/author\\\/polyclin_pluscom\\\/\"}]}<\/script>\n<!-- \/ Yoast SEO plugin. -->","yoast_head_json":{"title":"Actualizaci\u00f3n sobre obesidad infantil","description":"La obesidad infantil afecta a las familias m\u00e1s desfavorecidas, creando m\u00e1s injusticia.","robots":{"index":"index","follow":"follow","max-snippet":"max-snippet:-1","max-image-preview":"max-image-preview:large","max-video-preview":"max-video-preview:-1"},"canonical":"https:\/\/www.polycliniqueplus.com\/es\/blog\/actualizacion-sobre-obesidad-infantil\/","og_locale":"es_ES","og_type":"article","og_title":"Actualizaci\u00f3n sobre obesidad infantil","og_description":"La obesidad infantil afecta a las familias m\u00e1s desfavorecidas, creando m\u00e1s injusticia.","og_url":"https:\/\/www.polycliniqueplus.com\/es\/blog\/actualizacion-sobre-obesidad-infantil\/","og_site_name":"Chirurgie esthetique Turquie : Prix interventions meilleures cliniques Istanbul","article_publisher":"https:\/\/www.facebook.com\/polycliniqueplus","article_published_time":"2020-04-03T05:53:22+00:00","article_modified_time":"2024-07-29T07:27:09+00:00","og_image":[{"width":630,"height":360,"url":"https:\/\/www.polycliniqueplus.com\/wp-content\/uploads\/2020\/04\/obesite-enfant-3.jpg","type":"image\/jpeg"}],"author":"Mirna","twitter_card":"summary_large_image","twitter_creator":"@polyclinique1","twitter_site":"@polyclinique1","twitter_misc":{"Escrito por":"Mirna","Tiempo de lectura":"4 minutos"},"schema":{"@context":"https:\/\/schema.org","@graph":[{"@type":"Article","@id":"https:\/\/www.polycliniqueplus.com\/es\/blog\/actualizacion-sobre-obesidad-infantil\/#article","isPartOf":{"@id":"https:\/\/www.polycliniqueplus.com\/es\/blog\/actualizacion-sobre-obesidad-infantil\/"},"author":{"name":"Mirna","@id":"https:\/\/www.polycliniqueplus.com\/es\/#\/schema\/person\/0525a0bd10c537b179c46d27f9a7ddfe"},"headline":"Actualizaci\u00f3n sobre obesidad infantil","datePublished":"2020-04-03T05:53:22+00:00","dateModified":"2024-07-29T07:27:09+00:00","mainEntityOfPage":{"@id":"https:\/\/www.polycliniqueplus.com\/es\/blog\/actualizacion-sobre-obesidad-infantil\/"},"wordCount":732,"publisher":{"@id":"https:\/\/www.polycliniqueplus.com\/es\/#organization"},"image":{"@id":"https:\/\/www.polycliniqueplus.com\/es\/blog\/actualizacion-sobre-obesidad-infantil\/#primaryimage"},"thumbnailUrl":"https:\/\/www.polycliniqueplus.com\/wp-content\/uploads\/2020\/04\/obesite-enfant-3.jpg","keywords":["cirug\u00eda bari\u00e1trica"],"articleSection":["noticias"],"inLanguage":"es"},{"@type":"WebPage","@id":"https:\/\/www.polycliniqueplus.com\/es\/blog\/actualizacion-sobre-obesidad-infantil\/","url":"https:\/\/www.polycliniqueplus.com\/es\/blog\/actualizacion-sobre-obesidad-infantil\/","name":"Actualizaci\u00f3n sobre obesidad infantil","isPartOf":{"@id":"https:\/\/www.polycliniqueplus.com\/es\/#website"},"primaryImageOfPage":{"@id":"https:\/\/www.polycliniqueplus.com\/es\/blog\/actualizacion-sobre-obesidad-infantil\/#primaryimage"},"image":{"@id":"https:\/\/www.polycliniqueplus.com\/es\/blog\/actualizacion-sobre-obesidad-infantil\/#primaryimage"},"thumbnailUrl":"https:\/\/www.polycliniqueplus.com\/wp-content\/uploads\/2020\/04\/obesite-enfant-3.jpg","datePublished":"2020-04-03T05:53:22+00:00","dateModified":"2024-07-29T07:27:09+00:00","description":"La obesidad infantil afecta a las familias m\u00e1s desfavorecidas, creando m\u00e1s injusticia.","breadcrumb":{"@id":"https:\/\/www.polycliniqueplus.com\/es\/blog\/actualizacion-sobre-obesidad-infantil\/#breadcrumb"},"inLanguage":"es","potentialAction":[{"@type":"ReadAction","target":["https:\/\/www.polycliniqueplus.com\/es\/blog\/actualizacion-sobre-obesidad-infantil\/"]}]},{"@type":"ImageObject","inLanguage":"es","@id":"https:\/\/www.polycliniqueplus.com\/es\/blog\/actualizacion-sobre-obesidad-infantil\/#primaryimage","url":"https:\/\/www.polycliniqueplus.com\/wp-content\/uploads\/2020\/04\/obesite-enfant-3.jpg","contentUrl":"https:\/\/www.polycliniqueplus.com\/wp-content\/uploads\/2020\/04\/obesite-enfant-3.jpg","width":630,"height":360},{"@type":"BreadcrumbList","@id":"https:\/\/www.polycliniqueplus.com\/es\/blog\/actualizacion-sobre-obesidad-infantil\/#breadcrumb","itemListElement":[{"@type":"ListItem","position":1,"name":"Accueil","item":"https:\/\/www.polycliniqueplus.com\/es\/"},{"@type":"ListItem","position":2,"name":"Actualizaci\u00f3n sobre obesidad infantil"}]},{"@type":"WebSite","@id":"https:\/\/www.polycliniqueplus.com\/es\/#website","url":"https:\/\/www.polycliniqueplus.com\/es\/","name":"Chirurgie esthetique Turquie : Prix interventions meilleures cliniques Istanbul","description":"Chirurgie esthetique Turquie prix pas cher","publisher":{"@id":"https:\/\/www.polycliniqueplus.com\/es\/#organization"},"potentialAction":[{"@type":"SearchAction","target":{"@type":"EntryPoint","urlTemplate":"https:\/\/www.polycliniqueplus.com\/es\/?s={search_term_string}"},"query-input":{"@type":"PropertyValueSpecification","valueRequired":true,"valueName":"search_term_string"}}],"inLanguage":"es"},{"@type":"Organization","@id":"https:\/\/www.polycliniqueplus.com\/es\/#organization","name":"Polycliniqueplus chirurgie esthetique Turquie","url":"https:\/\/www.polycliniqueplus.com\/es\/","logo":{"@type":"ImageObject","inLanguage":"es","@id":"https:\/\/www.polycliniqueplus.com\/es\/#\/schema\/logo\/image\/","url":"https:\/\/www.polycliniqueplus.com\/wp-content\/uploads\/2021\/03\/cropped-add-box-fill.png","contentUrl":"https:\/\/www.polycliniqueplus.com\/wp-content\/uploads\/2021\/03\/cropped-add-box-fill.png","width":512,"height":512,"caption":"Polycliniqueplus chirurgie esthetique Turquie"},"image":{"@id":"https:\/\/www.polycliniqueplus.com\/es\/#\/schema\/logo\/image\/"},"sameAs":["https:\/\/www.facebook.com\/polycliniqueplus","https:\/\/x.com\/polyclinique1","https:\/\/www.youtube.com\/channel\/UCAnK3TORJqflIuYGFa-JQDw"]},{"@type":"Person","@id":"https:\/\/www.polycliniqueplus.com\/es\/#\/schema\/person\/0525a0bd10c537b179c46d27f9a7ddfe","name":"Mirna","image":{"@type":"ImageObject","inLanguage":"es","@id":"https:\/\/secure.gravatar.com\/avatar\/a66d15ec76051205756db13372446db97237a4727517044f67012dd173d87cab?s=96&d=mm&r=g","url":"https:\/\/secure.gravatar.com\/avatar\/a66d15ec76051205756db13372446db97237a4727517044f67012dd173d87cab?s=96&d=mm&r=g","contentUrl":"https:\/\/secure.gravatar.com\/avatar\/a66d15ec76051205756db13372446db97237a4727517044f67012dd173d87cab?s=96&d=mm&r=g","caption":"Mirna"},"url":"https:\/\/www.polycliniqueplus.com\/es\/blog\/author\/polyclin_pluscom\/"}]}},"_links":{"self":[{"href":"https:\/\/www.polycliniqueplus.com\/es\/wp-json\/wp\/v2\/posts\/12185","targetHints":{"allow":["GET"]}}],"collection":[{"href":"https:\/\/www.polycliniqueplus.com\/es\/wp-json\/wp\/v2\/posts"}],"about":[{"href":"https:\/\/www.polycliniqueplus.com\/es\/wp-json\/wp\/v2\/types\/post"}],"author":[{"embeddable":true,"href":"https:\/\/www.polycliniqueplus.com\/es\/wp-json\/wp\/v2\/users\/1"}],"replies":[{"embeddable":true,"href":"https:\/\/www.polycliniqueplus.com\/es\/wp-json\/wp\/v2\/comments?post=12185"}],"version-history":[{"count":2,"href":"https:\/\/www.polycliniqueplus.com\/es\/wp-json\/wp\/v2\/posts\/12185\/revisions"}],"predecessor-version":[{"id":12190,"href":"https:\/\/www.polycliniqueplus.com\/es\/wp-json\/wp\/v2\/posts\/12185\/revisions\/12190"}],"wp:featuredmedia":[{"embeddable":true,"href":"https:\/\/www.polycliniqueplus.com\/es\/wp-json\/wp\/v2\/media\/12187"}],"wp:attachment":[{"href":"https:\/\/www.polycliniqueplus.com\/es\/wp-json\/wp\/v2\/media?parent=12185"}],"wp:term":[{"taxonomy":"category","embeddable":true,"href":"https:\/\/www.polycliniqueplus.com\/es\/wp-json\/wp\/v2\/categories?post=12185"},{"taxonomy":"post_tag","embeddable":true,"href":"https:\/\/www.polycliniqueplus.com\/es\/wp-json\/wp\/v2\/tags?post=12185"}],"curies":[{"name":"wp","href":"https:\/\/api.w.org\/{rel}","templated":true}]}}