{"id":12151,"date":"2020-07-15T11:37:16","date_gmt":"2020-07-15T09:37:16","guid":{"rendered":"https:\/\/www.polycliniqueplus.com\/blog\/reafirmar-y-tonificar-la-piel-del-rostro-y-del-cuerpo\/"},"modified":"2023-01-11T16:37:17","modified_gmt":"2023-01-11T15:37:17","slug":"reafirmar-y-tonificar-la-piel-del-rostro-y-del-cuerpo","status":"publish","type":"post","link":"https:\/\/www.polycliniqueplus.com\/es\/blog\/reafirmar-y-tonificar-la-piel-del-rostro-y-del-cuerpo\/","title":{"rendered":"Reafirmar y tonificar la piel del rostro y del cuerpo"},"content":{"rendered":"<p>Con el estiramiento o <strong>lifting<\/strong> cut\u00e1neo <strong>no quir\u00fargico<\/strong>, los <strong>m\u00e9dicos est\u00e9ticos<\/strong> pueden tensar eficazmente la piel moderadamente fl\u00e1cida de la cara, el cuello y el cuerpo, ayudando a los pacientes a mejorar su aspecto y retrasar la cirug\u00eda.<\/p>\n<p>A medida que envejecemos, la producci\u00f3n de col\u00e1geno y elastina -dos prote\u00ednas que ayudan a nuestra piel a mantenerse firme y tersa- se ralentiza, lo que da lugar a zonas de piel fl\u00e1cida en la cara, el cuello y el cuerpo.<\/p>\n<p>Si le molesta la piel fl\u00e1cida, un tratamiento <strong>de lifting facial no quir\u00fargico<\/strong> puede detener temporalmente el proceso y devolver a la piel un aspecto m\u00e1s firme, terso y juvenil.<\/p>\n<figure id=\"attachment_1293\" aria-describedby=\"caption-attachment-1293\" style=\"width: 700px\" class=\"wp-caption aligncenter\"><noscript><img fetchpriority=\"high\" decoding=\"async\" class=\"wp-image-1293 size-full\" src=\"https:\/\/www.polycliniqueplus.com\/wp-content\/uploads\/2017\/10\/c700x420-1.jpg\" alt=\"reafirmar y tonificar la piel del rostro y del cuerpo\" width=\"700\" height=\"420\"><\/noscript><img fetchpriority=\"high\" decoding=\"async\" class=\"wp-image-1293 size-full lazyload\" src=\"data:image\/svg+xml,%3Csvg%20xmlns%3D%22http%3A%2F%2Fwww.w3.org%2F2000%2Fsvg%22%20viewBox%3D%220%200%20700%20420%22%3E%3C%2Fsvg%3E\" alt=\"reafirmar y tonificar la piel del rostro y del cuerpo\" width=\"700\" height=\"420\" data-src=\"https:\/\/www.polycliniqueplus.com\/wp-content\/uploads\/2017\/10\/c700x420-1.jpg\"><figcaption id=\"caption-attachment-1293\" class=\"wp-caption-text\">reafirmar y tonificar la piel del rostro y del cuerpo<\/figcaption><\/figure>\n<h2><strong>Beneficios del lifting cut\u00e1neo no quir\u00fargico<\/strong><\/h2>\n<p>Tensa la piel de leve a moderadamente fl\u00e1cida de la cara, el cuello o el cuerpo <strong>sin cirug\u00eda ni cicatrices<\/strong><\/p>\n<ul>\n<li>Muchos tratamientos pueden tener un efecto \u00ablifting\u00bb notable<\/li>\n<li>Poco o ning\u00fan tiempo de inactividad<\/li>\n<li>Riesgo muy bajo de efectos adversos cuando lo realiza un m\u00e9dico est\u00e9tico cualificado.<\/li>\n<li>Los tratamientos pueden realizarse en la consulta, normalmente en 1 hora o menos<\/li>\n<li>Los resultados pueden durar hasta 1 a\u00f1o<\/li>\n<\/ul>\n<p>El lifting cut\u00e1neo no quir\u00fargico tambi\u00e9n tiene limitaciones:<\/p>\n<ul>\n<li>Los resultados aparecen gradualmente a lo largo de varias semanas o meses despu\u00e9s del tratamiento<\/li>\n<li>Pueden ser necesarios varios tratamientos para lograr los resultados deseados<\/li>\n<li>El tratamiento debe repetirse peri\u00f3dicamente para mantener los resultados obtenidos anteriormente<\/li>\n<li>No es eficaz en la flacidez cut\u00e1nea muy avanzada, como la papada pronunciada o la piel estirada tras un embarazo o una p\u00e9rdida de peso.<\/li>\n<\/ul>\n<p><strong><br>\nT\u00e9cnicas utilizadas para el lifting cut\u00e1neo no quir\u00fargico<\/strong><\/p>\n<h2><strong><u>Elevaci\u00f3n por ultrasonidos<\/u><\/strong><\/h2>\n<p>Algunos tratamientos de estiramiento cut\u00e1neo utilizan la energ\u00eda de un generador de ultrasonidos focalizados, que calienta la piel a profundidades y en lugares espec\u00edficos para inducir la producci\u00f3n de col\u00e1geno y ayudar a que la piel se reafirme.<\/p>\n<p>La tecnolog\u00eda de ultrasonidos se utiliza en <a href=\"https:\/\/www.polycliniqueplus.com\/medecine-esthetique-turquie\/\">medicina est\u00e9tica<\/a> desde hace muchos a\u00f1os y es muy segura.<\/p>\n<h2><strong> <\/strong><strong><u>Lifting facial por radiofrecuencia (RF)<\/u><\/strong><\/h2>\n<p>La energ\u00eda de radiofrecuencia (RF) tambi\u00e9n puede utilizarse para calentar la piel y activar la producci\u00f3n de col\u00e1geno. La RF se centra en las capas epid\u00e9rmicas para conseguir un aspecto m\u00e1s firme y terso.<\/p>\n<h2><strong><u>IPL \/ RF combinado<\/u><\/strong><\/h2>\n<p>Una tercera t\u00e9cnica de lifting cut\u00e1neo combina la luz pulsada intensa (IPL) con la radiofrecuencia (RF) para calentar las capas m\u00e1s profundas de la piel e inducir la respuesta natural de cicatrizaci\u00f3n, que a su vez desencadena la producci\u00f3n de col\u00e1geno. La adici\u00f3n de IPL permite tratar la piel a varios niveles y puede ayudar a concentrar la energ\u00eda de RF para un tratamiento m\u00e1s eficaz.<\/p>\n","protected":false},"excerpt":{"rendered":"<p>Con el estiramiento o lifting cut\u00e1neo no quir\u00fargico, los m\u00e9dicos est\u00e9ticos pueden tensar eficazmente la piel moderadamente fl\u00e1cida de la cara, el cuello y el cuerpo, ayudando a los pacientes a mejorar su aspecto y retrasar la cirug\u00eda. A medida que envejecemos, la producci\u00f3n de col\u00e1geno y elastina -dos prote\u00ednas que ayudan a nuestra piel [&hellip;]<\/p>\n","protected":false},"author":1,"featured_media":12158,"comment_status":"closed","ping_status":"open","sticky":false,"template":"","format":"standard","meta":{"footnotes":""},"categories":[180],"tags":[],"class_list":["post-12151","post","type-post","status-publish","format-standard","has-post-thumbnail","hentry","category-noticias"],"yoast_head":"<!-- This site is optimized with the Yoast SEO plugin v27.3 - https:\/\/yoast.com\/product\/yoast-seo-wordpress\/ -->\n<title>Reafirmar y tonificar la piel de la cara y el cuerpo: lifting facial sin cirug\u00eda<\/title>\n<meta name=\"description\" content=\"Con el estiramiento o lifting cut\u00e1neo no quir\u00fargico, los m\u00e9dicos est\u00e9ticos pueden tensar eficazmente la piel moderadamente fl\u00e1cida de la cara, el cuello y el cuerpo, ayudando a los pacientes a mejorar su aspecto y retrasar la cirug\u00eda.\" \/>\n<meta name=\"robots\" content=\"index, follow, max-snippet:-1, max-image-preview:large, max-video-preview:-1\" \/>\n<link rel=\"canonical\" href=\"https:\/\/www.polycliniqueplus.com\/es\/blog\/reafirmar-y-tonificar-la-piel-del-rostro-y-del-cuerpo\/\" \/>\n<meta property=\"og:locale\" content=\"es_ES\" \/>\n<meta property=\"og:type\" content=\"article\" \/>\n<meta property=\"og:title\" content=\"Reafirmar y tonificar la piel de la cara y el cuerpo: lifting facial sin cirug\u00eda\" \/>\n<meta property=\"og:description\" content=\"Con el estiramiento o lifting cut\u00e1neo no quir\u00fargico, los m\u00e9dicos est\u00e9ticos pueden tensar eficazmente la piel moderadamente fl\u00e1cida de la cara, el cuello y el cuerpo, ayudando a los pacientes a mejorar su aspecto y retrasar la cirug\u00eda.\" \/>\n<meta property=\"og:url\" content=\"https:\/\/www.polycliniqueplus.com\/es\/blog\/reafirmar-y-tonificar-la-piel-del-rostro-y-del-cuerpo\/\" \/>\n<meta property=\"og:site_name\" content=\"Chirurgie esthetique Turquie : Prix interventions meilleures cliniques Istanbul\" \/>\n<meta property=\"article:publisher\" content=\"https:\/\/www.facebook.com\/polycliniqueplus\" \/>\n<meta property=\"article:published_time\" content=\"2020-07-15T09:37:16+00:00\" \/>\n<meta property=\"article:modified_time\" content=\"2023-01-11T15:37:17+00:00\" \/>\n<meta property=\"og:image\" content=\"https:\/\/www.polycliniqueplus.com\/wp-content\/uploads\/2020\/07\/beaute-masculine-2.jpg\" \/>\n\t<meta property=\"og:image:width\" content=\"630\" \/>\n\t<meta property=\"og:image:height\" content=\"354\" \/>\n\t<meta property=\"og:image:type\" content=\"image\/jpeg\" \/>\n<meta name=\"author\" content=\"Mirna\" \/>\n<meta name=\"twitter:card\" content=\"summary_large_image\" \/>\n<meta name=\"twitter:creator\" content=\"@polyclinique1\" \/>\n<meta name=\"twitter:site\" content=\"@polyclinique1\" \/>\n<meta name=\"twitter:label1\" content=\"Escrito por\" \/>\n\t<meta name=\"twitter:data1\" content=\"Mirna\" \/>\n\t<meta name=\"twitter:label2\" content=\"Tiempo de lectura\" \/>\n\t<meta name=\"twitter:data2\" content=\"3 minutos\" \/>\n<script type=\"application\/ld+json\" class=\"yoast-schema-graph\">{\"@context\":\"https:\\\/\\\/schema.org\",\"@graph\":[{\"@type\":\"Article\",\"@id\":\"https:\\\/\\\/www.polycliniqueplus.com\\\/es\\\/blog\\\/reafirmar-y-tonificar-la-piel-del-rostro-y-del-cuerpo\\\/#article\",\"isPartOf\":{\"@id\":\"https:\\\/\\\/www.polycliniqueplus.com\\\/es\\\/blog\\\/reafirmar-y-tonificar-la-piel-del-rostro-y-del-cuerpo\\\/\"},\"author\":{\"name\":\"Mirna\",\"@id\":\"https:\\\/\\\/www.polycliniqueplus.com\\\/es\\\/#\\\/schema\\\/person\\\/0525a0bd10c537b179c46d27f9a7ddfe\"},\"headline\":\"Reafirmar y tonificar la piel del rostro y del cuerpo\",\"datePublished\":\"2020-07-15T09:37:16+00:00\",\"dateModified\":\"2023-01-11T15:37:17+00:00\",\"mainEntityOfPage\":{\"@id\":\"https:\\\/\\\/www.polycliniqueplus.com\\\/es\\\/blog\\\/reafirmar-y-tonificar-la-piel-del-rostro-y-del-cuerpo\\\/\"},\"wordCount\":505,\"publisher\":{\"@id\":\"https:\\\/\\\/www.polycliniqueplus.com\\\/es\\\/#organization\"},\"image\":{\"@id\":\"https:\\\/\\\/www.polycliniqueplus.com\\\/es\\\/blog\\\/reafirmar-y-tonificar-la-piel-del-rostro-y-del-cuerpo\\\/#primaryimage\"},\"thumbnailUrl\":\"https:\\\/\\\/www.polycliniqueplus.com\\\/wp-content\\\/uploads\\\/2020\\\/07\\\/beaute-masculine-2.jpg\",\"articleSection\":[\"noticias\"],\"inLanguage\":\"es\"},{\"@type\":\"WebPage\",\"@id\":\"https:\\\/\\\/www.polycliniqueplus.com\\\/es\\\/blog\\\/reafirmar-y-tonificar-la-piel-del-rostro-y-del-cuerpo\\\/\",\"url\":\"https:\\\/\\\/www.polycliniqueplus.com\\\/es\\\/blog\\\/reafirmar-y-tonificar-la-piel-del-rostro-y-del-cuerpo\\\/\",\"name\":\"Reafirmar y tonificar la piel de la cara y el cuerpo: lifting facial sin cirug\u00eda\",\"isPartOf\":{\"@id\":\"https:\\\/\\\/www.polycliniqueplus.com\\\/es\\\/#website\"},\"primaryImageOfPage\":{\"@id\":\"https:\\\/\\\/www.polycliniqueplus.com\\\/es\\\/blog\\\/reafirmar-y-tonificar-la-piel-del-rostro-y-del-cuerpo\\\/#primaryimage\"},\"image\":{\"@id\":\"https:\\\/\\\/www.polycliniqueplus.com\\\/es\\\/blog\\\/reafirmar-y-tonificar-la-piel-del-rostro-y-del-cuerpo\\\/#primaryimage\"},\"thumbnailUrl\":\"https:\\\/\\\/www.polycliniqueplus.com\\\/wp-content\\\/uploads\\\/2020\\\/07\\\/beaute-masculine-2.jpg\",\"datePublished\":\"2020-07-15T09:37:16+00:00\",\"dateModified\":\"2023-01-11T15:37:17+00:00\",\"description\":\"Con el estiramiento o lifting cut\u00e1neo no quir\u00fargico, los m\u00e9dicos est\u00e9ticos pueden tensar eficazmente la piel moderadamente fl\u00e1cida de la cara, el cuello y el cuerpo, ayudando a los pacientes a mejorar su aspecto y retrasar la cirug\u00eda.\",\"breadcrumb\":{\"@id\":\"https:\\\/\\\/www.polycliniqueplus.com\\\/es\\\/blog\\\/reafirmar-y-tonificar-la-piel-del-rostro-y-del-cuerpo\\\/#breadcrumb\"},\"inLanguage\":\"es\",\"potentialAction\":[{\"@type\":\"ReadAction\",\"target\":[\"https:\\\/\\\/www.polycliniqueplus.com\\\/es\\\/blog\\\/reafirmar-y-tonificar-la-piel-del-rostro-y-del-cuerpo\\\/\"]}]},{\"@type\":\"ImageObject\",\"inLanguage\":\"es\",\"@id\":\"https:\\\/\\\/www.polycliniqueplus.com\\\/es\\\/blog\\\/reafirmar-y-tonificar-la-piel-del-rostro-y-del-cuerpo\\\/#primaryimage\",\"url\":\"https:\\\/\\\/www.polycliniqueplus.com\\\/wp-content\\\/uploads\\\/2020\\\/07\\\/beaute-masculine-2.jpg\",\"contentUrl\":\"https:\\\/\\\/www.polycliniqueplus.com\\\/wp-content\\\/uploads\\\/2020\\\/07\\\/beaute-masculine-2.jpg\",\"width\":630,\"height\":354},{\"@type\":\"BreadcrumbList\",\"@id\":\"https:\\\/\\\/www.polycliniqueplus.com\\\/es\\\/blog\\\/reafirmar-y-tonificar-la-piel-del-rostro-y-del-cuerpo\\\/#breadcrumb\",\"itemListElement\":[{\"@type\":\"ListItem\",\"position\":1,\"name\":\"Accueil\",\"item\":\"https:\\\/\\\/www.polycliniqueplus.com\\\/es\\\/\"},{\"@type\":\"ListItem\",\"position\":2,\"name\":\"Reafirmar y tonificar la piel del rostro y del cuerpo\"}]},{\"@type\":\"WebSite\",\"@id\":\"https:\\\/\\\/www.polycliniqueplus.com\\\/es\\\/#website\",\"url\":\"https:\\\/\\\/www.polycliniqueplus.com\\\/es\\\/\",\"name\":\"Chirurgie esthetique Turquie : Prix interventions meilleures cliniques Istanbul\",\"description\":\"Chirurgie esthetique Turquie prix pas cher\",\"publisher\":{\"@id\":\"https:\\\/\\\/www.polycliniqueplus.com\\\/es\\\/#organization\"},\"potentialAction\":[{\"@type\":\"SearchAction\",\"target\":{\"@type\":\"EntryPoint\",\"urlTemplate\":\"https:\\\/\\\/www.polycliniqueplus.com\\\/es\\\/?s={search_term_string}\"},\"query-input\":{\"@type\":\"PropertyValueSpecification\",\"valueRequired\":true,\"valueName\":\"search_term_string\"}}],\"inLanguage\":\"es\"},{\"@type\":\"Organization\",\"@id\":\"https:\\\/\\\/www.polycliniqueplus.com\\\/es\\\/#organization\",\"name\":\"Polycliniqueplus chirurgie esthetique Turquie\",\"url\":\"https:\\\/\\\/www.polycliniqueplus.com\\\/es\\\/\",\"logo\":{\"@type\":\"ImageObject\",\"inLanguage\":\"es\",\"@id\":\"https:\\\/\\\/www.polycliniqueplus.com\\\/es\\\/#\\\/schema\\\/logo\\\/image\\\/\",\"url\":\"https:\\\/\\\/www.polycliniqueplus.com\\\/wp-content\\\/uploads\\\/2021\\\/03\\\/cropped-add-box-fill.png\",\"contentUrl\":\"https:\\\/\\\/www.polycliniqueplus.com\\\/wp-content\\\/uploads\\\/2021\\\/03\\\/cropped-add-box-fill.png\",\"width\":512,\"height\":512,\"caption\":\"Polycliniqueplus chirurgie esthetique Turquie\"},\"image\":{\"@id\":\"https:\\\/\\\/www.polycliniqueplus.com\\\/es\\\/#\\\/schema\\\/logo\\\/image\\\/\"},\"sameAs\":[\"https:\\\/\\\/www.facebook.com\\\/polycliniqueplus\",\"https:\\\/\\\/x.com\\\/polyclinique1\",\"https:\\\/\\\/www.youtube.com\\\/channel\\\/UCAnK3TORJqflIuYGFa-JQDw\"]},{\"@type\":\"Person\",\"@id\":\"https:\\\/\\\/www.polycliniqueplus.com\\\/es\\\/#\\\/schema\\\/person\\\/0525a0bd10c537b179c46d27f9a7ddfe\",\"name\":\"Mirna\",\"image\":{\"@type\":\"ImageObject\",\"inLanguage\":\"es\",\"@id\":\"https:\\\/\\\/secure.gravatar.com\\\/avatar\\\/a66d15ec76051205756db13372446db97237a4727517044f67012dd173d87cab?s=96&d=mm&r=g\",\"url\":\"https:\\\/\\\/secure.gravatar.com\\\/avatar\\\/a66d15ec76051205756db13372446db97237a4727517044f67012dd173d87cab?s=96&d=mm&r=g\",\"contentUrl\":\"https:\\\/\\\/secure.gravatar.com\\\/avatar\\\/a66d15ec76051205756db13372446db97237a4727517044f67012dd173d87cab?s=96&d=mm&r=g\",\"caption\":\"Mirna\"},\"url\":\"https:\\\/\\\/www.polycliniqueplus.com\\\/es\\\/blog\\\/author\\\/polyclin_pluscom\\\/\"}]}<\/script>\n<!-- \/ Yoast SEO plugin. -->","yoast_head_json":{"title":"Reafirmar y tonificar la piel de la cara y el cuerpo: lifting facial sin cirug\u00eda","description":"Con el estiramiento o lifting cut\u00e1neo no quir\u00fargico, los m\u00e9dicos est\u00e9ticos pueden tensar eficazmente la piel moderadamente fl\u00e1cida de la cara, el cuello y el cuerpo, ayudando a los pacientes a mejorar su aspecto y retrasar la cirug\u00eda.","robots":{"index":"index","follow":"follow","max-snippet":"max-snippet:-1","max-image-preview":"max-image-preview:large","max-video-preview":"max-video-preview:-1"},"canonical":"https:\/\/www.polycliniqueplus.com\/es\/blog\/reafirmar-y-tonificar-la-piel-del-rostro-y-del-cuerpo\/","og_locale":"es_ES","og_type":"article","og_title":"Reafirmar y tonificar la piel de la cara y el cuerpo: lifting facial sin cirug\u00eda","og_description":"Con el estiramiento o lifting cut\u00e1neo no quir\u00fargico, los m\u00e9dicos est\u00e9ticos pueden tensar eficazmente la piel moderadamente fl\u00e1cida de la cara, el cuello y el cuerpo, ayudando a los pacientes a mejorar su aspecto y retrasar la cirug\u00eda.","og_url":"https:\/\/www.polycliniqueplus.com\/es\/blog\/reafirmar-y-tonificar-la-piel-del-rostro-y-del-cuerpo\/","og_site_name":"Chirurgie esthetique Turquie : Prix interventions meilleures cliniques Istanbul","article_publisher":"https:\/\/www.facebook.com\/polycliniqueplus","article_published_time":"2020-07-15T09:37:16+00:00","article_modified_time":"2023-01-11T15:37:17+00:00","og_image":[{"width":630,"height":354,"url":"https:\/\/www.polycliniqueplus.com\/wp-content\/uploads\/2020\/07\/beaute-masculine-2.jpg","type":"image\/jpeg"}],"author":"Mirna","twitter_card":"summary_large_image","twitter_creator":"@polyclinique1","twitter_site":"@polyclinique1","twitter_misc":{"Escrito por":"Mirna","Tiempo de lectura":"3 minutos"},"schema":{"@context":"https:\/\/schema.org","@graph":[{"@type":"Article","@id":"https:\/\/www.polycliniqueplus.com\/es\/blog\/reafirmar-y-tonificar-la-piel-del-rostro-y-del-cuerpo\/#article","isPartOf":{"@id":"https:\/\/www.polycliniqueplus.com\/es\/blog\/reafirmar-y-tonificar-la-piel-del-rostro-y-del-cuerpo\/"},"author":{"name":"Mirna","@id":"https:\/\/www.polycliniqueplus.com\/es\/#\/schema\/person\/0525a0bd10c537b179c46d27f9a7ddfe"},"headline":"Reafirmar y tonificar la piel del rostro y del cuerpo","datePublished":"2020-07-15T09:37:16+00:00","dateModified":"2023-01-11T15:37:17+00:00","mainEntityOfPage":{"@id":"https:\/\/www.polycliniqueplus.com\/es\/blog\/reafirmar-y-tonificar-la-piel-del-rostro-y-del-cuerpo\/"},"wordCount":505,"publisher":{"@id":"https:\/\/www.polycliniqueplus.com\/es\/#organization"},"image":{"@id":"https:\/\/www.polycliniqueplus.com\/es\/blog\/reafirmar-y-tonificar-la-piel-del-rostro-y-del-cuerpo\/#primaryimage"},"thumbnailUrl":"https:\/\/www.polycliniqueplus.com\/wp-content\/uploads\/2020\/07\/beaute-masculine-2.jpg","articleSection":["noticias"],"inLanguage":"es"},{"@type":"WebPage","@id":"https:\/\/www.polycliniqueplus.com\/es\/blog\/reafirmar-y-tonificar-la-piel-del-rostro-y-del-cuerpo\/","url":"https:\/\/www.polycliniqueplus.com\/es\/blog\/reafirmar-y-tonificar-la-piel-del-rostro-y-del-cuerpo\/","name":"Reafirmar y tonificar la piel de la cara y el cuerpo: lifting facial sin cirug\u00eda","isPartOf":{"@id":"https:\/\/www.polycliniqueplus.com\/es\/#website"},"primaryImageOfPage":{"@id":"https:\/\/www.polycliniqueplus.com\/es\/blog\/reafirmar-y-tonificar-la-piel-del-rostro-y-del-cuerpo\/#primaryimage"},"image":{"@id":"https:\/\/www.polycliniqueplus.com\/es\/blog\/reafirmar-y-tonificar-la-piel-del-rostro-y-del-cuerpo\/#primaryimage"},"thumbnailUrl":"https:\/\/www.polycliniqueplus.com\/wp-content\/uploads\/2020\/07\/beaute-masculine-2.jpg","datePublished":"2020-07-15T09:37:16+00:00","dateModified":"2023-01-11T15:37:17+00:00","description":"Con el estiramiento o lifting cut\u00e1neo no quir\u00fargico, los m\u00e9dicos est\u00e9ticos pueden tensar eficazmente la piel moderadamente fl\u00e1cida de la cara, el cuello y el cuerpo, ayudando a los pacientes a mejorar su aspecto y retrasar la cirug\u00eda.","breadcrumb":{"@id":"https:\/\/www.polycliniqueplus.com\/es\/blog\/reafirmar-y-tonificar-la-piel-del-rostro-y-del-cuerpo\/#breadcrumb"},"inLanguage":"es","potentialAction":[{"@type":"ReadAction","target":["https:\/\/www.polycliniqueplus.com\/es\/blog\/reafirmar-y-tonificar-la-piel-del-rostro-y-del-cuerpo\/"]}]},{"@type":"ImageObject","inLanguage":"es","@id":"https:\/\/www.polycliniqueplus.com\/es\/blog\/reafirmar-y-tonificar-la-piel-del-rostro-y-del-cuerpo\/#primaryimage","url":"https:\/\/www.polycliniqueplus.com\/wp-content\/uploads\/2020\/07\/beaute-masculine-2.jpg","contentUrl":"https:\/\/www.polycliniqueplus.com\/wp-content\/uploads\/2020\/07\/beaute-masculine-2.jpg","width":630,"height":354},{"@type":"BreadcrumbList","@id":"https:\/\/www.polycliniqueplus.com\/es\/blog\/reafirmar-y-tonificar-la-piel-del-rostro-y-del-cuerpo\/#breadcrumb","itemListElement":[{"@type":"ListItem","position":1,"name":"Accueil","item":"https:\/\/www.polycliniqueplus.com\/es\/"},{"@type":"ListItem","position":2,"name":"Reafirmar y tonificar la piel del rostro y del cuerpo"}]},{"@type":"WebSite","@id":"https:\/\/www.polycliniqueplus.com\/es\/#website","url":"https:\/\/www.polycliniqueplus.com\/es\/","name":"Chirurgie esthetique Turquie : Prix interventions meilleures cliniques Istanbul","description":"Chirurgie esthetique Turquie prix pas cher","publisher":{"@id":"https:\/\/www.polycliniqueplus.com\/es\/#organization"},"potentialAction":[{"@type":"SearchAction","target":{"@type":"EntryPoint","urlTemplate":"https:\/\/www.polycliniqueplus.com\/es\/?s={search_term_string}"},"query-input":{"@type":"PropertyValueSpecification","valueRequired":true,"valueName":"search_term_string"}}],"inLanguage":"es"},{"@type":"Organization","@id":"https:\/\/www.polycliniqueplus.com\/es\/#organization","name":"Polycliniqueplus chirurgie esthetique Turquie","url":"https:\/\/www.polycliniqueplus.com\/es\/","logo":{"@type":"ImageObject","inLanguage":"es","@id":"https:\/\/www.polycliniqueplus.com\/es\/#\/schema\/logo\/image\/","url":"https:\/\/www.polycliniqueplus.com\/wp-content\/uploads\/2021\/03\/cropped-add-box-fill.png","contentUrl":"https:\/\/www.polycliniqueplus.com\/wp-content\/uploads\/2021\/03\/cropped-add-box-fill.png","width":512,"height":512,"caption":"Polycliniqueplus chirurgie esthetique Turquie"},"image":{"@id":"https:\/\/www.polycliniqueplus.com\/es\/#\/schema\/logo\/image\/"},"sameAs":["https:\/\/www.facebook.com\/polycliniqueplus","https:\/\/x.com\/polyclinique1","https:\/\/www.youtube.com\/channel\/UCAnK3TORJqflIuYGFa-JQDw"]},{"@type":"Person","@id":"https:\/\/www.polycliniqueplus.com\/es\/#\/schema\/person\/0525a0bd10c537b179c46d27f9a7ddfe","name":"Mirna","image":{"@type":"ImageObject","inLanguage":"es","@id":"https:\/\/secure.gravatar.com\/avatar\/a66d15ec76051205756db13372446db97237a4727517044f67012dd173d87cab?s=96&d=mm&r=g","url":"https:\/\/secure.gravatar.com\/avatar\/a66d15ec76051205756db13372446db97237a4727517044f67012dd173d87cab?s=96&d=mm&r=g","contentUrl":"https:\/\/secure.gravatar.com\/avatar\/a66d15ec76051205756db13372446db97237a4727517044f67012dd173d87cab?s=96&d=mm&r=g","caption":"Mirna"},"url":"https:\/\/www.polycliniqueplus.com\/es\/blog\/author\/polyclin_pluscom\/"}]}},"_links":{"self":[{"href":"https:\/\/www.polycliniqueplus.com\/es\/wp-json\/wp\/v2\/posts\/12151","targetHints":{"allow":["GET"]}}],"collection":[{"href":"https:\/\/www.polycliniqueplus.com\/es\/wp-json\/wp\/v2\/posts"}],"about":[{"href":"https:\/\/www.polycliniqueplus.com\/es\/wp-json\/wp\/v2\/types\/post"}],"author":[{"embeddable":true,"href":"https:\/\/www.polycliniqueplus.com\/es\/wp-json\/wp\/v2\/users\/1"}],"replies":[{"embeddable":true,"href":"https:\/\/www.polycliniqueplus.com\/es\/wp-json\/wp\/v2\/comments?post=12151"}],"version-history":[{"count":1,"href":"https:\/\/www.polycliniqueplus.com\/es\/wp-json\/wp\/v2\/posts\/12151\/revisions"}],"predecessor-version":[{"id":12160,"href":"https:\/\/www.polycliniqueplus.com\/es\/wp-json\/wp\/v2\/posts\/12151\/revisions\/12160"}],"wp:featuredmedia":[{"embeddable":true,"href":"https:\/\/www.polycliniqueplus.com\/es\/wp-json\/wp\/v2\/media\/12158"}],"wp:attachment":[{"href":"https:\/\/www.polycliniqueplus.com\/es\/wp-json\/wp\/v2\/media?parent=12151"}],"wp:term":[{"taxonomy":"category","embeddable":true,"href":"https:\/\/www.polycliniqueplus.com\/es\/wp-json\/wp\/v2\/categories?post=12151"},{"taxonomy":"post_tag","embeddable":true,"href":"https:\/\/www.polycliniqueplus.com\/es\/wp-json\/wp\/v2\/tags?post=12151"}],"curies":[{"name":"wp","href":"https:\/\/api.w.org\/{rel}","templated":true}]}}