{"id":12150,"date":"2020-06-25T12:00:55","date_gmt":"2020-06-25T10:00:55","guid":{"rendered":"https:\/\/www.polycliniqueplus.com\/blog\/trasplantes-capilares-para-ayudar-a-los-calvos\/"},"modified":"2023-01-11T16:38:42","modified_gmt":"2023-01-11T15:38:42","slug":"trasplantes-capilares-para-ayudar-a-los-calvos","status":"publish","type":"post","link":"https:\/\/www.polycliniqueplus.com\/es\/blog\/trasplantes-capilares-para-ayudar-a-los-calvos\/","title":{"rendered":"Trasplantes capilares para ayudar a los calvos"},"content":{"rendered":"<p> <strong>La calvicie<\/strong> no siempre es buena. Tanto si se trata de un hombre como de una mujer, existe una profunda sensaci\u00f3n de malestar cuando se empieza a perder el cabello.<\/p>\n<p>Las burlas tampoco son infrecuentes, y Eustache Deschamps, uno de los poetas que ha estudiado el tema, opina que las condiciones clim\u00e1ticas no siempre ayudan a quien sufre una calvicie. <a href=\"https:\/\/www.polycliniqueplus.com\/greffe-cheveux-turquie\/\"><br>\n  <strong>calvicie<\/strong><br>\n<\/a>. Pero, \u00bfqu\u00e9 se puede hacer al respecto?<\/p>\n<figure id=\"attachment_2152\" aria-describedby=\"caption-attachment-2152\" style=\"width: 477px\" class=\"wp-caption aligncenter\"><noscript><img fetchpriority=\"high\" decoding=\"async\" class=\" wp-image-2152\" src=\"https:\/\/www.polycliniqueplus.com\/wp-content\/uploads\/2020\/06\/repousse-apres-greffe-de-cheveux-1-300x158.jpg\" alt=\"removedor de cepillo de pelo\" width=\"477\" height=\"364\"><\/noscript><img fetchpriority=\"high\" decoding=\"async\" class=\" wp-image-2152 lazyload\" src=\"data:image\/svg+xml,%3Csvg%20xmlns%3D%22http%3A%2F%2Fwww.w3.org%2F2000%2Fsvg%22%20viewBox%3D%220%200%20477%20364%22%3E%3C%2Fsvg%3E\" alt=\"removedor de cepillo de pelo\" width=\"477\" height=\"364\" data-src=\"https:\/\/www.polycliniqueplus.com\/wp-content\/uploads\/2020\/06\/repousse-apres-greffe-de-cheveux-1-300x158.jpg\"><figcaption id=\"caption-attachment-2152\" class=\"wp-caption-text\">Crecimiento despu\u00e9s del trasplante capilar<\/figcaption><\/figure>\n<p>Desde la noche de los tiempos, se han utilizado diversos m\u00e9todos que hasta ahora han resultado ineficaces (saliva de caballo, telas de ara\u00f1a, esti\u00e9rcol de ganso, etc.) &#8211; siempre ha habido charlatanes &#8211; de 150.000 cabellos, las personas pierden unos 100 cada d\u00eda. Y cuando pierde m\u00e1s, es patol\u00f3gico.<\/p>\n<p>Tambi\u00e9n conocida como alopecia, la calvicie existe en 5 formas:<\/p>\n<ul>\n<li>Alopecia androgen\u00e9tica hereditaria (es la forma m\u00e1s com\u00fan)<\/li>\n<li>Alopecia aguda (estr\u00e9s, quimioterapia, carencia de hierro, trastornos hormonales, etc.)<\/li>\n<li>Alopecia localizada (problema cut\u00e1neo)<\/li>\n<li>Alopecia cong\u00e9nita<\/li>\n<li>Alopecia areata, que puede vaciar el cabello de la cabeza o incluso de todo el cuerpo.<\/li>\n<\/ul>\n<p>La soluci\u00f3n que ofrece la cirug\u00eda est\u00e9tica a este <strong>fen\u00f3meno de degeneraci\u00f3n capilar<\/strong>, que afecta tanto a hombres como a mujeres, es <strong>el trasplante<\/strong>.<\/p>\n<p>Existen cuatro formas de hacerlo, todas ellas con el mismo punto en com\u00fan: eliminar el vello de la zona de la coronilla y transferirlo a las zonas donde no hay vello:<\/p>\n<p><strong>Microinjertos<\/strong>: consiste en tomar una tira de cuero cabelludo de 8 a 25 cm de ancho con una anchura de 1 a 2 cm. Realiza peque\u00f1os fragmentos de 1 a 3 cabellos, microinjertos, o de 4 a 8 cabellos, mininjertos. A continuaci\u00f3n, unas perforaciones en la zona sin pelo le permitir\u00e1n implantar los injertos. Este procedimiento requiere varias sesiones. De 2 a 8 d\u00edas de baja, costras en los injertos que desaparecen a los 10 d\u00edas. El pelo se cae y vuelve a crecer 1 cm al mes.<\/p>\n<p>Los <strong>colgajos<\/strong>, realizados con anestesia local, requieren la pericia del cirujano. Corta una tira de cuero cabelludo y la pega directamente en el lugar indicado. Esta t\u00e9cnica permite implantar una alta densidad de pelo. El pelo no se cae, las suturas se retiran a los 8 d\u00edas.<\/p>\n<p> <strong>Reducci\u00f3n de tonsura<\/strong>, con esta t\u00e9cnica el cirujano extirpa dos partes con pelo y luego las sutura en el lugar donde faltan. Se realiza con anestesia local.<\/p>\n<p>El <strong>m\u00e9todo de implante capilar<\/strong> es una pr\u00f3tesis a base de pelo natural o sint\u00e9tico. Se fijan a una red y luego se pegan, cosen o atan al cr\u00e1neo.<\/p>\n<p>Sea cual sea el m\u00e9todo que elija (se pueden utilizar los 4), es importante que recurra a un m\u00e9dico cualificado para su <a href=\"https:\/\/www.polycliniqueplus.com\/es\/\">operaci\u00f3n de calvicie<\/a>.<\/p>\n","protected":false},"excerpt":{"rendered":"<p>La calvicie no siempre es buena. Tanto si se trata de un hombre como de una mujer, existe una profunda sensaci\u00f3n de malestar cuando se empieza a perder el cabello. Las burlas tampoco son infrecuentes, y Eustache Deschamps, uno de los poetas que ha estudiado el tema, opina que las condiciones clim\u00e1ticas no siempre ayudan [&hellip;]<\/p>\n","protected":false},"author":1,"featured_media":12161,"comment_status":"closed","ping_status":"open","sticky":false,"template":"","format":"standard","meta":{"footnotes":""},"categories":[180],"tags":[],"class_list":["post-12150","post","type-post","status-publish","format-standard","has-post-thumbnail","hentry","category-noticias"],"yoast_head":"<!-- This site is optimized with the Yoast SEO plugin v27.3 - https:\/\/yoast.com\/product\/yoast-seo-wordpress\/ -->\n<title>Trasplantes capilares para ayudar a los calvos<\/title>\n<meta name=\"description\" content=\"La soluci\u00f3n que ofrece la cirug\u00eda est\u00e9tica a este fen\u00f3meno de degeneraci\u00f3n capilar, que afecta tanto a hombres como a mujeres, es el trasplante.\" \/>\n<meta name=\"robots\" content=\"index, follow, max-snippet:-1, max-image-preview:large, max-video-preview:-1\" \/>\n<link rel=\"canonical\" href=\"https:\/\/www.polycliniqueplus.com\/es\/blog\/trasplantes-capilares-para-ayudar-a-los-calvos\/\" \/>\n<meta property=\"og:locale\" content=\"es_ES\" \/>\n<meta property=\"og:type\" content=\"article\" \/>\n<meta property=\"og:title\" content=\"Trasplantes capilares para ayudar a los calvos\" \/>\n<meta property=\"og:description\" content=\"La soluci\u00f3n que ofrece la cirug\u00eda est\u00e9tica a este fen\u00f3meno de degeneraci\u00f3n capilar, que afecta tanto a hombres como a mujeres, es el trasplante.\" \/>\n<meta property=\"og:url\" content=\"https:\/\/www.polycliniqueplus.com\/es\/blog\/trasplantes-capilares-para-ayudar-a-los-calvos\/\" \/>\n<meta property=\"og:site_name\" content=\"Chirurgie esthetique Turquie : Prix interventions meilleures cliniques Istanbul\" \/>\n<meta property=\"article:publisher\" content=\"https:\/\/www.facebook.com\/polycliniqueplus\" \/>\n<meta property=\"article:published_time\" content=\"2020-06-25T10:00:55+00:00\" \/>\n<meta property=\"article:modified_time\" content=\"2023-01-11T15:38:42+00:00\" \/>\n<meta property=\"og:image\" content=\"https:\/\/www.polycliniqueplus.com\/wp-content\/uploads\/2020\/06\/repousse-apres-greffe-de-cheveux-2.jpg\" \/>\n\t<meta property=\"og:image:width\" content=\"1200\" \/>\n\t<meta property=\"og:image:height\" content=\"630\" \/>\n\t<meta property=\"og:image:type\" content=\"image\/jpeg\" \/>\n<meta name=\"author\" content=\"Mirna\" \/>\n<meta name=\"twitter:card\" content=\"summary_large_image\" \/>\n<meta name=\"twitter:creator\" content=\"@polyclinique1\" \/>\n<meta name=\"twitter:site\" content=\"@polyclinique1\" \/>\n<meta name=\"twitter:label1\" content=\"Escrito por\" \/>\n\t<meta name=\"twitter:data1\" content=\"Mirna\" \/>\n\t<meta name=\"twitter:label2\" content=\"Tiempo de lectura\" \/>\n\t<meta name=\"twitter:data2\" content=\"3 minutos\" \/>\n<script type=\"application\/ld+json\" class=\"yoast-schema-graph\">{\"@context\":\"https:\\\/\\\/schema.org\",\"@graph\":[{\"@type\":\"Article\",\"@id\":\"https:\\\/\\\/www.polycliniqueplus.com\\\/es\\\/blog\\\/trasplantes-capilares-para-ayudar-a-los-calvos\\\/#article\",\"isPartOf\":{\"@id\":\"https:\\\/\\\/www.polycliniqueplus.com\\\/es\\\/blog\\\/trasplantes-capilares-para-ayudar-a-los-calvos\\\/\"},\"author\":{\"name\":\"Mirna\",\"@id\":\"https:\\\/\\\/www.polycliniqueplus.com\\\/es\\\/#\\\/schema\\\/person\\\/0525a0bd10c537b179c46d27f9a7ddfe\"},\"headline\":\"Trasplantes capilares para ayudar a los calvos\",\"datePublished\":\"2020-06-25T10:00:55+00:00\",\"dateModified\":\"2023-01-11T15:38:42+00:00\",\"mainEntityOfPage\":{\"@id\":\"https:\\\/\\\/www.polycliniqueplus.com\\\/es\\\/blog\\\/trasplantes-capilares-para-ayudar-a-los-calvos\\\/\"},\"wordCount\":478,\"publisher\":{\"@id\":\"https:\\\/\\\/www.polycliniqueplus.com\\\/es\\\/#organization\"},\"image\":{\"@id\":\"https:\\\/\\\/www.polycliniqueplus.com\\\/es\\\/blog\\\/trasplantes-capilares-para-ayudar-a-los-calvos\\\/#primaryimage\"},\"thumbnailUrl\":\"https:\\\/\\\/www.polycliniqueplus.com\\\/wp-content\\\/uploads\\\/2020\\\/06\\\/repousse-apres-greffe-de-cheveux-2.jpg\",\"articleSection\":[\"noticias\"],\"inLanguage\":\"es\"},{\"@type\":\"WebPage\",\"@id\":\"https:\\\/\\\/www.polycliniqueplus.com\\\/es\\\/blog\\\/trasplantes-capilares-para-ayudar-a-los-calvos\\\/\",\"url\":\"https:\\\/\\\/www.polycliniqueplus.com\\\/es\\\/blog\\\/trasplantes-capilares-para-ayudar-a-los-calvos\\\/\",\"name\":\"Trasplantes capilares para ayudar a los calvos\",\"isPartOf\":{\"@id\":\"https:\\\/\\\/www.polycliniqueplus.com\\\/es\\\/#website\"},\"primaryImageOfPage\":{\"@id\":\"https:\\\/\\\/www.polycliniqueplus.com\\\/es\\\/blog\\\/trasplantes-capilares-para-ayudar-a-los-calvos\\\/#primaryimage\"},\"image\":{\"@id\":\"https:\\\/\\\/www.polycliniqueplus.com\\\/es\\\/blog\\\/trasplantes-capilares-para-ayudar-a-los-calvos\\\/#primaryimage\"},\"thumbnailUrl\":\"https:\\\/\\\/www.polycliniqueplus.com\\\/wp-content\\\/uploads\\\/2020\\\/06\\\/repousse-apres-greffe-de-cheveux-2.jpg\",\"datePublished\":\"2020-06-25T10:00:55+00:00\",\"dateModified\":\"2023-01-11T15:38:42+00:00\",\"description\":\"La soluci\u00f3n que ofrece la cirug\u00eda est\u00e9tica a este fen\u00f3meno de degeneraci\u00f3n capilar, que afecta tanto a hombres como a mujeres, es el trasplante.\",\"breadcrumb\":{\"@id\":\"https:\\\/\\\/www.polycliniqueplus.com\\\/es\\\/blog\\\/trasplantes-capilares-para-ayudar-a-los-calvos\\\/#breadcrumb\"},\"inLanguage\":\"es\",\"potentialAction\":[{\"@type\":\"ReadAction\",\"target\":[\"https:\\\/\\\/www.polycliniqueplus.com\\\/es\\\/blog\\\/trasplantes-capilares-para-ayudar-a-los-calvos\\\/\"]}]},{\"@type\":\"ImageObject\",\"inLanguage\":\"es\",\"@id\":\"https:\\\/\\\/www.polycliniqueplus.com\\\/es\\\/blog\\\/trasplantes-capilares-para-ayudar-a-los-calvos\\\/#primaryimage\",\"url\":\"https:\\\/\\\/www.polycliniqueplus.com\\\/wp-content\\\/uploads\\\/2020\\\/06\\\/repousse-apres-greffe-de-cheveux-2.jpg\",\"contentUrl\":\"https:\\\/\\\/www.polycliniqueplus.com\\\/wp-content\\\/uploads\\\/2020\\\/06\\\/repousse-apres-greffe-de-cheveux-2.jpg\",\"width\":1200,\"height\":630},{\"@type\":\"BreadcrumbList\",\"@id\":\"https:\\\/\\\/www.polycliniqueplus.com\\\/es\\\/blog\\\/trasplantes-capilares-para-ayudar-a-los-calvos\\\/#breadcrumb\",\"itemListElement\":[{\"@type\":\"ListItem\",\"position\":1,\"name\":\"Accueil\",\"item\":\"https:\\\/\\\/www.polycliniqueplus.com\\\/es\\\/\"},{\"@type\":\"ListItem\",\"position\":2,\"name\":\"Trasplantes capilares para ayudar a los calvos\"}]},{\"@type\":\"WebSite\",\"@id\":\"https:\\\/\\\/www.polycliniqueplus.com\\\/es\\\/#website\",\"url\":\"https:\\\/\\\/www.polycliniqueplus.com\\\/es\\\/\",\"name\":\"Chirurgie esthetique Turquie : Prix interventions meilleures cliniques Istanbul\",\"description\":\"Chirurgie esthetique Turquie prix pas cher\",\"publisher\":{\"@id\":\"https:\\\/\\\/www.polycliniqueplus.com\\\/es\\\/#organization\"},\"potentialAction\":[{\"@type\":\"SearchAction\",\"target\":{\"@type\":\"EntryPoint\",\"urlTemplate\":\"https:\\\/\\\/www.polycliniqueplus.com\\\/es\\\/?s={search_term_string}\"},\"query-input\":{\"@type\":\"PropertyValueSpecification\",\"valueRequired\":true,\"valueName\":\"search_term_string\"}}],\"inLanguage\":\"es\"},{\"@type\":\"Organization\",\"@id\":\"https:\\\/\\\/www.polycliniqueplus.com\\\/es\\\/#organization\",\"name\":\"Polycliniqueplus chirurgie esthetique Turquie\",\"url\":\"https:\\\/\\\/www.polycliniqueplus.com\\\/es\\\/\",\"logo\":{\"@type\":\"ImageObject\",\"inLanguage\":\"es\",\"@id\":\"https:\\\/\\\/www.polycliniqueplus.com\\\/es\\\/#\\\/schema\\\/logo\\\/image\\\/\",\"url\":\"https:\\\/\\\/www.polycliniqueplus.com\\\/wp-content\\\/uploads\\\/2021\\\/03\\\/cropped-add-box-fill.png\",\"contentUrl\":\"https:\\\/\\\/www.polycliniqueplus.com\\\/wp-content\\\/uploads\\\/2021\\\/03\\\/cropped-add-box-fill.png\",\"width\":512,\"height\":512,\"caption\":\"Polycliniqueplus chirurgie esthetique Turquie\"},\"image\":{\"@id\":\"https:\\\/\\\/www.polycliniqueplus.com\\\/es\\\/#\\\/schema\\\/logo\\\/image\\\/\"},\"sameAs\":[\"https:\\\/\\\/www.facebook.com\\\/polycliniqueplus\",\"https:\\\/\\\/x.com\\\/polyclinique1\",\"https:\\\/\\\/www.youtube.com\\\/channel\\\/UCAnK3TORJqflIuYGFa-JQDw\"]},{\"@type\":\"Person\",\"@id\":\"https:\\\/\\\/www.polycliniqueplus.com\\\/es\\\/#\\\/schema\\\/person\\\/0525a0bd10c537b179c46d27f9a7ddfe\",\"name\":\"Mirna\",\"image\":{\"@type\":\"ImageObject\",\"inLanguage\":\"es\",\"@id\":\"https:\\\/\\\/secure.gravatar.com\\\/avatar\\\/a66d15ec76051205756db13372446db97237a4727517044f67012dd173d87cab?s=96&d=mm&r=g\",\"url\":\"https:\\\/\\\/secure.gravatar.com\\\/avatar\\\/a66d15ec76051205756db13372446db97237a4727517044f67012dd173d87cab?s=96&d=mm&r=g\",\"contentUrl\":\"https:\\\/\\\/secure.gravatar.com\\\/avatar\\\/a66d15ec76051205756db13372446db97237a4727517044f67012dd173d87cab?s=96&d=mm&r=g\",\"caption\":\"Mirna\"},\"url\":\"https:\\\/\\\/www.polycliniqueplus.com\\\/es\\\/blog\\\/author\\\/polyclin_pluscom\\\/\"}]}<\/script>\n<!-- \/ Yoast SEO plugin. -->","yoast_head_json":{"title":"Trasplantes capilares para ayudar a los calvos","description":"La soluci\u00f3n que ofrece la cirug\u00eda est\u00e9tica a este fen\u00f3meno de degeneraci\u00f3n capilar, que afecta tanto a hombres como a mujeres, es el trasplante.","robots":{"index":"index","follow":"follow","max-snippet":"max-snippet:-1","max-image-preview":"max-image-preview:large","max-video-preview":"max-video-preview:-1"},"canonical":"https:\/\/www.polycliniqueplus.com\/es\/blog\/trasplantes-capilares-para-ayudar-a-los-calvos\/","og_locale":"es_ES","og_type":"article","og_title":"Trasplantes capilares para ayudar a los calvos","og_description":"La soluci\u00f3n que ofrece la cirug\u00eda est\u00e9tica a este fen\u00f3meno de degeneraci\u00f3n capilar, que afecta tanto a hombres como a mujeres, es el trasplante.","og_url":"https:\/\/www.polycliniqueplus.com\/es\/blog\/trasplantes-capilares-para-ayudar-a-los-calvos\/","og_site_name":"Chirurgie esthetique Turquie : Prix interventions meilleures cliniques Istanbul","article_publisher":"https:\/\/www.facebook.com\/polycliniqueplus","article_published_time":"2020-06-25T10:00:55+00:00","article_modified_time":"2023-01-11T15:38:42+00:00","og_image":[{"width":1200,"height":630,"url":"https:\/\/www.polycliniqueplus.com\/wp-content\/uploads\/2020\/06\/repousse-apres-greffe-de-cheveux-2.jpg","type":"image\/jpeg"}],"author":"Mirna","twitter_card":"summary_large_image","twitter_creator":"@polyclinique1","twitter_site":"@polyclinique1","twitter_misc":{"Escrito por":"Mirna","Tiempo de lectura":"3 minutos"},"schema":{"@context":"https:\/\/schema.org","@graph":[{"@type":"Article","@id":"https:\/\/www.polycliniqueplus.com\/es\/blog\/trasplantes-capilares-para-ayudar-a-los-calvos\/#article","isPartOf":{"@id":"https:\/\/www.polycliniqueplus.com\/es\/blog\/trasplantes-capilares-para-ayudar-a-los-calvos\/"},"author":{"name":"Mirna","@id":"https:\/\/www.polycliniqueplus.com\/es\/#\/schema\/person\/0525a0bd10c537b179c46d27f9a7ddfe"},"headline":"Trasplantes capilares para ayudar a los calvos","datePublished":"2020-06-25T10:00:55+00:00","dateModified":"2023-01-11T15:38:42+00:00","mainEntityOfPage":{"@id":"https:\/\/www.polycliniqueplus.com\/es\/blog\/trasplantes-capilares-para-ayudar-a-los-calvos\/"},"wordCount":478,"publisher":{"@id":"https:\/\/www.polycliniqueplus.com\/es\/#organization"},"image":{"@id":"https:\/\/www.polycliniqueplus.com\/es\/blog\/trasplantes-capilares-para-ayudar-a-los-calvos\/#primaryimage"},"thumbnailUrl":"https:\/\/www.polycliniqueplus.com\/wp-content\/uploads\/2020\/06\/repousse-apres-greffe-de-cheveux-2.jpg","articleSection":["noticias"],"inLanguage":"es"},{"@type":"WebPage","@id":"https:\/\/www.polycliniqueplus.com\/es\/blog\/trasplantes-capilares-para-ayudar-a-los-calvos\/","url":"https:\/\/www.polycliniqueplus.com\/es\/blog\/trasplantes-capilares-para-ayudar-a-los-calvos\/","name":"Trasplantes capilares para ayudar a los calvos","isPartOf":{"@id":"https:\/\/www.polycliniqueplus.com\/es\/#website"},"primaryImageOfPage":{"@id":"https:\/\/www.polycliniqueplus.com\/es\/blog\/trasplantes-capilares-para-ayudar-a-los-calvos\/#primaryimage"},"image":{"@id":"https:\/\/www.polycliniqueplus.com\/es\/blog\/trasplantes-capilares-para-ayudar-a-los-calvos\/#primaryimage"},"thumbnailUrl":"https:\/\/www.polycliniqueplus.com\/wp-content\/uploads\/2020\/06\/repousse-apres-greffe-de-cheveux-2.jpg","datePublished":"2020-06-25T10:00:55+00:00","dateModified":"2023-01-11T15:38:42+00:00","description":"La soluci\u00f3n que ofrece la cirug\u00eda est\u00e9tica a este fen\u00f3meno de degeneraci\u00f3n capilar, que afecta tanto a hombres como a mujeres, es el trasplante.","breadcrumb":{"@id":"https:\/\/www.polycliniqueplus.com\/es\/blog\/trasplantes-capilares-para-ayudar-a-los-calvos\/#breadcrumb"},"inLanguage":"es","potentialAction":[{"@type":"ReadAction","target":["https:\/\/www.polycliniqueplus.com\/es\/blog\/trasplantes-capilares-para-ayudar-a-los-calvos\/"]}]},{"@type":"ImageObject","inLanguage":"es","@id":"https:\/\/www.polycliniqueplus.com\/es\/blog\/trasplantes-capilares-para-ayudar-a-los-calvos\/#primaryimage","url":"https:\/\/www.polycliniqueplus.com\/wp-content\/uploads\/2020\/06\/repousse-apres-greffe-de-cheveux-2.jpg","contentUrl":"https:\/\/www.polycliniqueplus.com\/wp-content\/uploads\/2020\/06\/repousse-apres-greffe-de-cheveux-2.jpg","width":1200,"height":630},{"@type":"BreadcrumbList","@id":"https:\/\/www.polycliniqueplus.com\/es\/blog\/trasplantes-capilares-para-ayudar-a-los-calvos\/#breadcrumb","itemListElement":[{"@type":"ListItem","position":1,"name":"Accueil","item":"https:\/\/www.polycliniqueplus.com\/es\/"},{"@type":"ListItem","position":2,"name":"Trasplantes capilares para ayudar a los calvos"}]},{"@type":"WebSite","@id":"https:\/\/www.polycliniqueplus.com\/es\/#website","url":"https:\/\/www.polycliniqueplus.com\/es\/","name":"Chirurgie esthetique Turquie : Prix interventions meilleures cliniques Istanbul","description":"Chirurgie esthetique Turquie prix pas cher","publisher":{"@id":"https:\/\/www.polycliniqueplus.com\/es\/#organization"},"potentialAction":[{"@type":"SearchAction","target":{"@type":"EntryPoint","urlTemplate":"https:\/\/www.polycliniqueplus.com\/es\/?s={search_term_string}"},"query-input":{"@type":"PropertyValueSpecification","valueRequired":true,"valueName":"search_term_string"}}],"inLanguage":"es"},{"@type":"Organization","@id":"https:\/\/www.polycliniqueplus.com\/es\/#organization","name":"Polycliniqueplus chirurgie esthetique Turquie","url":"https:\/\/www.polycliniqueplus.com\/es\/","logo":{"@type":"ImageObject","inLanguage":"es","@id":"https:\/\/www.polycliniqueplus.com\/es\/#\/schema\/logo\/image\/","url":"https:\/\/www.polycliniqueplus.com\/wp-content\/uploads\/2021\/03\/cropped-add-box-fill.png","contentUrl":"https:\/\/www.polycliniqueplus.com\/wp-content\/uploads\/2021\/03\/cropped-add-box-fill.png","width":512,"height":512,"caption":"Polycliniqueplus chirurgie esthetique Turquie"},"image":{"@id":"https:\/\/www.polycliniqueplus.com\/es\/#\/schema\/logo\/image\/"},"sameAs":["https:\/\/www.facebook.com\/polycliniqueplus","https:\/\/x.com\/polyclinique1","https:\/\/www.youtube.com\/channel\/UCAnK3TORJqflIuYGFa-JQDw"]},{"@type":"Person","@id":"https:\/\/www.polycliniqueplus.com\/es\/#\/schema\/person\/0525a0bd10c537b179c46d27f9a7ddfe","name":"Mirna","image":{"@type":"ImageObject","inLanguage":"es","@id":"https:\/\/secure.gravatar.com\/avatar\/a66d15ec76051205756db13372446db97237a4727517044f67012dd173d87cab?s=96&d=mm&r=g","url":"https:\/\/secure.gravatar.com\/avatar\/a66d15ec76051205756db13372446db97237a4727517044f67012dd173d87cab?s=96&d=mm&r=g","contentUrl":"https:\/\/secure.gravatar.com\/avatar\/a66d15ec76051205756db13372446db97237a4727517044f67012dd173d87cab?s=96&d=mm&r=g","caption":"Mirna"},"url":"https:\/\/www.polycliniqueplus.com\/es\/blog\/author\/polyclin_pluscom\/"}]}},"_links":{"self":[{"href":"https:\/\/www.polycliniqueplus.com\/es\/wp-json\/wp\/v2\/posts\/12150","targetHints":{"allow":["GET"]}}],"collection":[{"href":"https:\/\/www.polycliniqueplus.com\/es\/wp-json\/wp\/v2\/posts"}],"about":[{"href":"https:\/\/www.polycliniqueplus.com\/es\/wp-json\/wp\/v2\/types\/post"}],"author":[{"embeddable":true,"href":"https:\/\/www.polycliniqueplus.com\/es\/wp-json\/wp\/v2\/users\/1"}],"replies":[{"embeddable":true,"href":"https:\/\/www.polycliniqueplus.com\/es\/wp-json\/wp\/v2\/comments?post=12150"}],"version-history":[{"count":3,"href":"https:\/\/www.polycliniqueplus.com\/es\/wp-json\/wp\/v2\/posts\/12150\/revisions"}],"predecessor-version":[{"id":12165,"href":"https:\/\/www.polycliniqueplus.com\/es\/wp-json\/wp\/v2\/posts\/12150\/revisions\/12165"}],"wp:featuredmedia":[{"embeddable":true,"href":"https:\/\/www.polycliniqueplus.com\/es\/wp-json\/wp\/v2\/media\/12161"}],"wp:attachment":[{"href":"https:\/\/www.polycliniqueplus.com\/es\/wp-json\/wp\/v2\/media?parent=12150"}],"wp:term":[{"taxonomy":"category","embeddable":true,"href":"https:\/\/www.polycliniqueplus.com\/es\/wp-json\/wp\/v2\/categories?post=12150"},{"taxonomy":"post_tag","embeddable":true,"href":"https:\/\/www.polycliniqueplus.com\/es\/wp-json\/wp\/v2\/tags?post=12150"}],"curies":[{"name":"wp","href":"https:\/\/api.w.org\/{rel}","templated":true}]}}