{"id":12051,"date":"2018-07-20T12:20:46","date_gmt":"2018-07-20T10:20:46","guid":{"rendered":"https:\/\/www.polycliniqueplus.com\/blog\/tyra-banks-defiende-con-valentia-su-operacion-de-nariz\/"},"modified":"2023-01-09T15:15:29","modified_gmt":"2023-01-09T14:15:29","slug":"tyra-banks-cirugia-estetica","status":"publish","type":"post","link":"https:\/\/www.polycliniqueplus.com\/es\/blog\/tyra-banks-cirugia-estetica\/","title":{"rendered":"Tyra Banks defiende con valent\u00eda su operaci\u00f3n de nariz"},"content":{"rendered":"<p>Tyra Banks se hizo <a href=\"https:\/\/www.polycliniqueplus.com\/rhinoplastie-turquie\/\" rel=\"noopener\" target=\"_blank\">una operaci\u00f3n de nariz<\/a> al principio de su carrera como modelo y hoy la luce.<\/p>\n<p><a href=\"https:\/\/www.polycliniqueplus.com\/wp-content\/uploads\/2018\/07\/Tyra-banks.jpg\"><noscript><img fetchpriority=\"high\" decoding=\"async\" class=\"aligncenter wp-image-1789\" src=\"https:\/\/www.polycliniqueplus.com\/wp-content\/uploads\/2018\/07\/Tyra-banks.jpg\" alt=\"Tyra banks\" width=\"518\" height=\"311\"><\/noscript><img fetchpriority=\"high\" decoding=\"async\" class=\"aligncenter wp-image-1789 lazyload\" src=\"data:image\/svg+xml,%3Csvg%20xmlns%3D%22http%3A%2F%2Fwww.w3.org%2F2000%2Fsvg%22%20viewBox%3D%220%200%20518%20311%22%3E%3C%2Fsvg%3E\" alt=\"Tyra banks\" width=\"518\" height=\"311\" data-src=\"https:\/\/www.polycliniqueplus.com\/wp-content\/uploads\/2018\/07\/Tyra-banks.jpg\"><\/a> En una nueva entrevista, la presentadora y productora ejecutiva de America&#8217;s Next Top Model, de 44 a\u00f1os, dice: \u00ab\u00a1Lo admito! Pelo falso, y me hice la nariz. Siento que tengo la responsabilidad de decir la verdad.<\/p>\n<p> \u00abAunque algunos podr\u00edan llamar la atenci\u00f3n a Tyra por no haberse <a href=\"https:\/\/www.polycliniqueplus.com\/septoplastie-turquie\/\" rel=\"noopener\" target=\"_blank\">operado la nariz<\/a> antes (a pesar de los rumores que circulan desde hace a\u00f1os), ella silenci\u00f3 a sus detractores diciendo: \u00abHay una l\u00ednea, o eres natural o eres cirujana pl\u00e1stica. Est\u00e1 bien ir y venir en esa l\u00ednea. \u00bfQuieres una trenza? Bien. <\/p>\n<p>\u00bfQuieres cejas permanentes? Bien. Como mujeres, tenemos que dejar de juzgar. \u00abNo podr\u00edamos estar m\u00e1s de acuerdo. Teniendo en cuenta que ella acu\u00f1\u00f3 el t\u00e9rmino \u00absmize\u00bb (tambi\u00e9n conocido como sonre\u00edr con los ojos) y ayud\u00f3 a popularizar el eslogan \u00abdescansa sobre lo bonito\u00bb (una de sus cr\u00edticas de \u00abANTM\u00bb), no deber\u00eda sorprender que la gente quiera esa belleza de Tyra Banks y que ser modelo requiera esfuerzo. Ella misma lo dice: \u00abComo modelo, necesitaba maquillaje. No creo que eso tenga nada de malo.<\/p>\n<p> Igual\u00f3 mi campo de juego. Gisele, \u00bfno lo necesitas? \u00a1Yo s\u00ed! Y ambos modelamos para Victoria&#8217;s Secret. \u00abCon su pr\u00f3ximo libro Perfect Is Boring, Tyra Banks parece dispuesta a enfrentarse a la idealizaci\u00f3n de la belleza natural. Dice: \u00abLa belleza natural es injusta. Me siento muy inc\u00f3moda cuando mujeres que son esas bellezas naturales juzgan a alguien que hace cualquier cosa por s\u00ed mismo\u00bb.<\/p>\n<p><a href=\"https:\/\/www.polycliniqueplus.com\/wp-content\/uploads\/2018\/07\/tyra-banks-apr\u00e8s.jpg\"><noscript><img decoding=\"async\" class=\"aligncenter wp-image-1790\" src=\"https:\/\/www.polycliniqueplus.com\/wp-content\/uploads\/2018\/07\/tyra-banks-apr\u00e8s.jpg\" alt=\"tyra banks apr\u00e8s\" width=\"492\" height=\"369\"><\/noscript><img decoding=\"async\" class=\"aligncenter wp-image-1790 lazyload\" src=\"data:image\/svg+xml,%3Csvg%20xmlns%3D%22http%3A%2F%2Fwww.w3.org%2F2000%2Fsvg%22%20viewBox%3D%220%200%20492%20369%22%3E%3C%2Fsvg%3E\" alt=\"tyra banks apr\u00e8s\" width=\"492\" height=\"369\" data-src=\"https:\/\/www.polycliniqueplus.com\/wp-content\/uploads\/2018\/07\/tyra-banks-apr\u00e8s.jpg\"><\/a><\/p>\n<p> \u00bfY qu\u00e9 opina ella de todo el movimiento #nomakeup? En 2015, public\u00f3 este selfie descarado, escribiendo: \u00ab\u00a1\u00a1\u00a1Ten\u00eda tantas ganas de alisar mis ojeras!!!\u00bb. Pero yo estaba como, &#8216;Naw, Ty. Parece que se ha bebido el #nomakeup Kool-Aid, \u00bfverdad? No es suficiente. Al d\u00eda siguiente, public\u00f3 este selfie y proclam\u00f3: \u00abLa cara pintada que est\u00e1s viendo ahora mismo&#8230; A m\u00ed tambi\u00e9n me pasa. <\/p>\n<p>\u00bfSe cree esto? \u00a1Diablos, no! \u00bfEs real? El jurado est\u00e1 deliberando al respecto, pero yo digo que s\u00ed. S\u00e9 lo que est\u00e1s pensando. \u00bfQu\u00e9? Es real porque lo mantengo real al admitir que necesito ponerme cosas en la cara para parecer una modelo. <\/p>\n<p>(A\u00f1ade un poco de retoque y \u00a1Zas, el look final est\u00e1 completo! ) S\u00ed, me habr\u00eda encantado despertarme con un aspecto impecable, pero esa no soy yo. Ese no soy yo en absoluto. Y no me averg\u00fcenza admitirlo. Ninguno de nosotros deber\u00eda estarlo. \u00ab<\/p>\n","protected":false},"excerpt":{"rendered":"<p>Tyra Banks se hizo una operaci\u00f3n de nariz al principio de su carrera como modelo y hoy la luce. En una nueva entrevista, la presentadora y productora ejecutiva de America&#8217;s Next Top Model, de 44 a\u00f1os, dice: \u00ab\u00a1Lo admito! Pelo falso, y me hice la nariz. Siento que tengo la responsabilidad de decir la verdad. [&hellip;]<\/p>\n","protected":false},"author":1,"featured_media":0,"comment_status":"closed","ping_status":"open","sticky":false,"template":"","format":"standard","meta":{"footnotes":""},"categories":[177,198],"tags":[208],"class_list":["post-12051","post","type-post","status-publish","format-standard","hentry","category-bienestar","category-rinoplastia","tag-rinoplastia"],"yoast_head":"<!-- This site is optimized with the Yoast SEO plugin v27.3 - https:\/\/yoast.com\/product\/yoast-seo-wordpress\/ -->\n<title>Tyra Banks aboga por la cirug\u00eda pl\u00e1stica<\/title>\n<meta name=\"robots\" content=\"index, follow, max-snippet:-1, max-image-preview:large, max-video-preview:-1\" \/>\n<link rel=\"canonical\" href=\"https:\/\/www.polycliniqueplus.com\/es\/blog\/tyra-banks-cirugia-estetica\/\" \/>\n<meta property=\"og:locale\" content=\"es_ES\" \/>\n<meta property=\"og:type\" content=\"article\" \/>\n<meta property=\"og:title\" content=\"Tyra Banks aboga por la cirug\u00eda pl\u00e1stica\" \/>\n<meta property=\"og:description\" content=\"Tyra Banks se hizo una operaci\u00f3n de nariz al principio de su carrera como modelo y hoy la luce. En una nueva entrevista, la presentadora y productora ejecutiva de America&#8217;s Next Top Model, de 44 a\u00f1os, dice: \u00ab\u00a1Lo admito! Pelo falso, y me hice la nariz. Siento que tengo la responsabilidad de decir la verdad. [&hellip;]\" \/>\n<meta property=\"og:url\" content=\"https:\/\/www.polycliniqueplus.com\/es\/blog\/tyra-banks-cirugia-estetica\/\" \/>\n<meta property=\"og:site_name\" content=\"Chirurgie esthetique Turquie : Prix interventions meilleures cliniques Istanbul\" \/>\n<meta property=\"article:publisher\" content=\"https:\/\/www.facebook.com\/polycliniqueplus\" \/>\n<meta property=\"article:published_time\" content=\"2018-07-20T10:20:46+00:00\" \/>\n<meta property=\"article:modified_time\" content=\"2023-01-09T14:15:29+00:00\" \/>\n<meta property=\"og:image\" content=\"https:\/\/www.polycliniqueplus.com\/wp-content\/uploads\/2018\/07\/Tyra-banks.jpg\" \/>\n<meta name=\"author\" content=\"Mirna\" \/>\n<meta name=\"twitter:card\" content=\"summary_large_image\" \/>\n<meta name=\"twitter:creator\" content=\"@polyclinique1\" \/>\n<meta name=\"twitter:site\" content=\"@polyclinique1\" \/>\n<meta name=\"twitter:label1\" content=\"Escrito por\" \/>\n\t<meta name=\"twitter:data1\" content=\"Mirna\" \/>\n\t<meta name=\"twitter:label2\" content=\"Tiempo de lectura\" \/>\n\t<meta name=\"twitter:data2\" content=\"3 minutos\" \/>\n<script type=\"application\/ld+json\" class=\"yoast-schema-graph\">{\"@context\":\"https:\\\/\\\/schema.org\",\"@graph\":[{\"@type\":\"Article\",\"@id\":\"https:\\\/\\\/www.polycliniqueplus.com\\\/es\\\/blog\\\/tyra-banks-cirugia-estetica\\\/#article\",\"isPartOf\":{\"@id\":\"https:\\\/\\\/www.polycliniqueplus.com\\\/es\\\/blog\\\/tyra-banks-cirugia-estetica\\\/\"},\"author\":{\"name\":\"Mirna\",\"@id\":\"https:\\\/\\\/www.polycliniqueplus.com\\\/es\\\/#\\\/schema\\\/person\\\/0525a0bd10c537b179c46d27f9a7ddfe\"},\"headline\":\"Tyra Banks defiende con valent\u00eda su operaci\u00f3n de nariz\",\"datePublished\":\"2018-07-20T10:20:46+00:00\",\"dateModified\":\"2023-01-09T14:15:29+00:00\",\"mainEntityOfPage\":{\"@id\":\"https:\\\/\\\/www.polycliniqueplus.com\\\/es\\\/blog\\\/tyra-banks-cirugia-estetica\\\/\"},\"wordCount\":438,\"publisher\":{\"@id\":\"https:\\\/\\\/www.polycliniqueplus.com\\\/es\\\/#organization\"},\"image\":{\"@id\":\"https:\\\/\\\/www.polycliniqueplus.com\\\/es\\\/blog\\\/tyra-banks-cirugia-estetica\\\/#primaryimage\"},\"thumbnailUrl\":\"https:\\\/\\\/www.polycliniqueplus.com\\\/wp-content\\\/uploads\\\/2018\\\/07\\\/Tyra-banks.jpg\",\"keywords\":[\"Rinoplastia\"],\"articleSection\":[\"Bienestar\",\"Rinoplastia\"],\"inLanguage\":\"es\"},{\"@type\":\"WebPage\",\"@id\":\"https:\\\/\\\/www.polycliniqueplus.com\\\/es\\\/blog\\\/tyra-banks-cirugia-estetica\\\/\",\"url\":\"https:\\\/\\\/www.polycliniqueplus.com\\\/es\\\/blog\\\/tyra-banks-cirugia-estetica\\\/\",\"name\":\"Tyra Banks aboga por la cirug\u00eda pl\u00e1stica\",\"isPartOf\":{\"@id\":\"https:\\\/\\\/www.polycliniqueplus.com\\\/es\\\/#website\"},\"primaryImageOfPage\":{\"@id\":\"https:\\\/\\\/www.polycliniqueplus.com\\\/es\\\/blog\\\/tyra-banks-cirugia-estetica\\\/#primaryimage\"},\"image\":{\"@id\":\"https:\\\/\\\/www.polycliniqueplus.com\\\/es\\\/blog\\\/tyra-banks-cirugia-estetica\\\/#primaryimage\"},\"thumbnailUrl\":\"https:\\\/\\\/www.polycliniqueplus.com\\\/wp-content\\\/uploads\\\/2018\\\/07\\\/Tyra-banks.jpg\",\"datePublished\":\"2018-07-20T10:20:46+00:00\",\"dateModified\":\"2023-01-09T14:15:29+00:00\",\"breadcrumb\":{\"@id\":\"https:\\\/\\\/www.polycliniqueplus.com\\\/es\\\/blog\\\/tyra-banks-cirugia-estetica\\\/#breadcrumb\"},\"inLanguage\":\"es\",\"potentialAction\":[{\"@type\":\"ReadAction\",\"target\":[\"https:\\\/\\\/www.polycliniqueplus.com\\\/es\\\/blog\\\/tyra-banks-cirugia-estetica\\\/\"]}]},{\"@type\":\"ImageObject\",\"inLanguage\":\"es\",\"@id\":\"https:\\\/\\\/www.polycliniqueplus.com\\\/es\\\/blog\\\/tyra-banks-cirugia-estetica\\\/#primaryimage\",\"url\":\"https:\\\/\\\/www.polycliniqueplus.com\\\/wp-content\\\/uploads\\\/2018\\\/07\\\/Tyra-banks.jpg\",\"contentUrl\":\"https:\\\/\\\/www.polycliniqueplus.com\\\/wp-content\\\/uploads\\\/2018\\\/07\\\/Tyra-banks.jpg\"},{\"@type\":\"BreadcrumbList\",\"@id\":\"https:\\\/\\\/www.polycliniqueplus.com\\\/es\\\/blog\\\/tyra-banks-cirugia-estetica\\\/#breadcrumb\",\"itemListElement\":[{\"@type\":\"ListItem\",\"position\":1,\"name\":\"Accueil\",\"item\":\"https:\\\/\\\/www.polycliniqueplus.com\\\/es\\\/\"},{\"@type\":\"ListItem\",\"position\":2,\"name\":\"Tyra Banks defiende con valent\u00eda su operaci\u00f3n de nariz\"}]},{\"@type\":\"WebSite\",\"@id\":\"https:\\\/\\\/www.polycliniqueplus.com\\\/es\\\/#website\",\"url\":\"https:\\\/\\\/www.polycliniqueplus.com\\\/es\\\/\",\"name\":\"Chirurgie esthetique Turquie : Prix interventions meilleures cliniques Istanbul\",\"description\":\"Chirurgie esthetique Turquie prix pas cher\",\"publisher\":{\"@id\":\"https:\\\/\\\/www.polycliniqueplus.com\\\/es\\\/#organization\"},\"potentialAction\":[{\"@type\":\"SearchAction\",\"target\":{\"@type\":\"EntryPoint\",\"urlTemplate\":\"https:\\\/\\\/www.polycliniqueplus.com\\\/es\\\/?s={search_term_string}\"},\"query-input\":{\"@type\":\"PropertyValueSpecification\",\"valueRequired\":true,\"valueName\":\"search_term_string\"}}],\"inLanguage\":\"es\"},{\"@type\":\"Organization\",\"@id\":\"https:\\\/\\\/www.polycliniqueplus.com\\\/es\\\/#organization\",\"name\":\"Polycliniqueplus chirurgie esthetique Turquie\",\"url\":\"https:\\\/\\\/www.polycliniqueplus.com\\\/es\\\/\",\"logo\":{\"@type\":\"ImageObject\",\"inLanguage\":\"es\",\"@id\":\"https:\\\/\\\/www.polycliniqueplus.com\\\/es\\\/#\\\/schema\\\/logo\\\/image\\\/\",\"url\":\"https:\\\/\\\/www.polycliniqueplus.com\\\/wp-content\\\/uploads\\\/2021\\\/03\\\/cropped-add-box-fill.png\",\"contentUrl\":\"https:\\\/\\\/www.polycliniqueplus.com\\\/wp-content\\\/uploads\\\/2021\\\/03\\\/cropped-add-box-fill.png\",\"width\":512,\"height\":512,\"caption\":\"Polycliniqueplus chirurgie esthetique Turquie\"},\"image\":{\"@id\":\"https:\\\/\\\/www.polycliniqueplus.com\\\/es\\\/#\\\/schema\\\/logo\\\/image\\\/\"},\"sameAs\":[\"https:\\\/\\\/www.facebook.com\\\/polycliniqueplus\",\"https:\\\/\\\/x.com\\\/polyclinique1\",\"https:\\\/\\\/www.youtube.com\\\/channel\\\/UCAnK3TORJqflIuYGFa-JQDw\"]},{\"@type\":\"Person\",\"@id\":\"https:\\\/\\\/www.polycliniqueplus.com\\\/es\\\/#\\\/schema\\\/person\\\/0525a0bd10c537b179c46d27f9a7ddfe\",\"name\":\"Mirna\",\"image\":{\"@type\":\"ImageObject\",\"inLanguage\":\"es\",\"@id\":\"https:\\\/\\\/secure.gravatar.com\\\/avatar\\\/a66d15ec76051205756db13372446db97237a4727517044f67012dd173d87cab?s=96&d=mm&r=g\",\"url\":\"https:\\\/\\\/secure.gravatar.com\\\/avatar\\\/a66d15ec76051205756db13372446db97237a4727517044f67012dd173d87cab?s=96&d=mm&r=g\",\"contentUrl\":\"https:\\\/\\\/secure.gravatar.com\\\/avatar\\\/a66d15ec76051205756db13372446db97237a4727517044f67012dd173d87cab?s=96&d=mm&r=g\",\"caption\":\"Mirna\"},\"url\":\"https:\\\/\\\/www.polycliniqueplus.com\\\/es\\\/blog\\\/author\\\/polyclin_pluscom\\\/\"}]}<\/script>\n<!-- \/ Yoast SEO plugin. -->","yoast_head_json":{"title":"Tyra Banks aboga por la cirug\u00eda pl\u00e1stica","robots":{"index":"index","follow":"follow","max-snippet":"max-snippet:-1","max-image-preview":"max-image-preview:large","max-video-preview":"max-video-preview:-1"},"canonical":"https:\/\/www.polycliniqueplus.com\/es\/blog\/tyra-banks-cirugia-estetica\/","og_locale":"es_ES","og_type":"article","og_title":"Tyra Banks aboga por la cirug\u00eda pl\u00e1stica","og_description":"Tyra Banks se hizo una operaci\u00f3n de nariz al principio de su carrera como modelo y hoy la luce. En una nueva entrevista, la presentadora y productora ejecutiva de America&#8217;s Next Top Model, de 44 a\u00f1os, dice: \u00ab\u00a1Lo admito! Pelo falso, y me hice la nariz. Siento que tengo la responsabilidad de decir la verdad. [&hellip;]","og_url":"https:\/\/www.polycliniqueplus.com\/es\/blog\/tyra-banks-cirugia-estetica\/","og_site_name":"Chirurgie esthetique Turquie : Prix interventions meilleures cliniques Istanbul","article_publisher":"https:\/\/www.facebook.com\/polycliniqueplus","article_published_time":"2018-07-20T10:20:46+00:00","article_modified_time":"2023-01-09T14:15:29+00:00","og_image":[{"url":"https:\/\/www.polycliniqueplus.com\/wp-content\/uploads\/2018\/07\/Tyra-banks.jpg","type":"","width":"","height":""}],"author":"Mirna","twitter_card":"summary_large_image","twitter_creator":"@polyclinique1","twitter_site":"@polyclinique1","twitter_misc":{"Escrito por":"Mirna","Tiempo de lectura":"3 minutos"},"schema":{"@context":"https:\/\/schema.org","@graph":[{"@type":"Article","@id":"https:\/\/www.polycliniqueplus.com\/es\/blog\/tyra-banks-cirugia-estetica\/#article","isPartOf":{"@id":"https:\/\/www.polycliniqueplus.com\/es\/blog\/tyra-banks-cirugia-estetica\/"},"author":{"name":"Mirna","@id":"https:\/\/www.polycliniqueplus.com\/es\/#\/schema\/person\/0525a0bd10c537b179c46d27f9a7ddfe"},"headline":"Tyra Banks defiende con valent\u00eda su operaci\u00f3n de nariz","datePublished":"2018-07-20T10:20:46+00:00","dateModified":"2023-01-09T14:15:29+00:00","mainEntityOfPage":{"@id":"https:\/\/www.polycliniqueplus.com\/es\/blog\/tyra-banks-cirugia-estetica\/"},"wordCount":438,"publisher":{"@id":"https:\/\/www.polycliniqueplus.com\/es\/#organization"},"image":{"@id":"https:\/\/www.polycliniqueplus.com\/es\/blog\/tyra-banks-cirugia-estetica\/#primaryimage"},"thumbnailUrl":"https:\/\/www.polycliniqueplus.com\/wp-content\/uploads\/2018\/07\/Tyra-banks.jpg","keywords":["Rinoplastia"],"articleSection":["Bienestar","Rinoplastia"],"inLanguage":"es"},{"@type":"WebPage","@id":"https:\/\/www.polycliniqueplus.com\/es\/blog\/tyra-banks-cirugia-estetica\/","url":"https:\/\/www.polycliniqueplus.com\/es\/blog\/tyra-banks-cirugia-estetica\/","name":"Tyra Banks aboga por la cirug\u00eda pl\u00e1stica","isPartOf":{"@id":"https:\/\/www.polycliniqueplus.com\/es\/#website"},"primaryImageOfPage":{"@id":"https:\/\/www.polycliniqueplus.com\/es\/blog\/tyra-banks-cirugia-estetica\/#primaryimage"},"image":{"@id":"https:\/\/www.polycliniqueplus.com\/es\/blog\/tyra-banks-cirugia-estetica\/#primaryimage"},"thumbnailUrl":"https:\/\/www.polycliniqueplus.com\/wp-content\/uploads\/2018\/07\/Tyra-banks.jpg","datePublished":"2018-07-20T10:20:46+00:00","dateModified":"2023-01-09T14:15:29+00:00","breadcrumb":{"@id":"https:\/\/www.polycliniqueplus.com\/es\/blog\/tyra-banks-cirugia-estetica\/#breadcrumb"},"inLanguage":"es","potentialAction":[{"@type":"ReadAction","target":["https:\/\/www.polycliniqueplus.com\/es\/blog\/tyra-banks-cirugia-estetica\/"]}]},{"@type":"ImageObject","inLanguage":"es","@id":"https:\/\/www.polycliniqueplus.com\/es\/blog\/tyra-banks-cirugia-estetica\/#primaryimage","url":"https:\/\/www.polycliniqueplus.com\/wp-content\/uploads\/2018\/07\/Tyra-banks.jpg","contentUrl":"https:\/\/www.polycliniqueplus.com\/wp-content\/uploads\/2018\/07\/Tyra-banks.jpg"},{"@type":"BreadcrumbList","@id":"https:\/\/www.polycliniqueplus.com\/es\/blog\/tyra-banks-cirugia-estetica\/#breadcrumb","itemListElement":[{"@type":"ListItem","position":1,"name":"Accueil","item":"https:\/\/www.polycliniqueplus.com\/es\/"},{"@type":"ListItem","position":2,"name":"Tyra Banks defiende con valent\u00eda su operaci\u00f3n de nariz"}]},{"@type":"WebSite","@id":"https:\/\/www.polycliniqueplus.com\/es\/#website","url":"https:\/\/www.polycliniqueplus.com\/es\/","name":"Chirurgie esthetique Turquie : Prix interventions meilleures cliniques Istanbul","description":"Chirurgie esthetique Turquie prix pas cher","publisher":{"@id":"https:\/\/www.polycliniqueplus.com\/es\/#organization"},"potentialAction":[{"@type":"SearchAction","target":{"@type":"EntryPoint","urlTemplate":"https:\/\/www.polycliniqueplus.com\/es\/?s={search_term_string}"},"query-input":{"@type":"PropertyValueSpecification","valueRequired":true,"valueName":"search_term_string"}}],"inLanguage":"es"},{"@type":"Organization","@id":"https:\/\/www.polycliniqueplus.com\/es\/#organization","name":"Polycliniqueplus chirurgie esthetique Turquie","url":"https:\/\/www.polycliniqueplus.com\/es\/","logo":{"@type":"ImageObject","inLanguage":"es","@id":"https:\/\/www.polycliniqueplus.com\/es\/#\/schema\/logo\/image\/","url":"https:\/\/www.polycliniqueplus.com\/wp-content\/uploads\/2021\/03\/cropped-add-box-fill.png","contentUrl":"https:\/\/www.polycliniqueplus.com\/wp-content\/uploads\/2021\/03\/cropped-add-box-fill.png","width":512,"height":512,"caption":"Polycliniqueplus chirurgie esthetique Turquie"},"image":{"@id":"https:\/\/www.polycliniqueplus.com\/es\/#\/schema\/logo\/image\/"},"sameAs":["https:\/\/www.facebook.com\/polycliniqueplus","https:\/\/x.com\/polyclinique1","https:\/\/www.youtube.com\/channel\/UCAnK3TORJqflIuYGFa-JQDw"]},{"@type":"Person","@id":"https:\/\/www.polycliniqueplus.com\/es\/#\/schema\/person\/0525a0bd10c537b179c46d27f9a7ddfe","name":"Mirna","image":{"@type":"ImageObject","inLanguage":"es","@id":"https:\/\/secure.gravatar.com\/avatar\/a66d15ec76051205756db13372446db97237a4727517044f67012dd173d87cab?s=96&d=mm&r=g","url":"https:\/\/secure.gravatar.com\/avatar\/a66d15ec76051205756db13372446db97237a4727517044f67012dd173d87cab?s=96&d=mm&r=g","contentUrl":"https:\/\/secure.gravatar.com\/avatar\/a66d15ec76051205756db13372446db97237a4727517044f67012dd173d87cab?s=96&d=mm&r=g","caption":"Mirna"},"url":"https:\/\/www.polycliniqueplus.com\/es\/blog\/author\/polyclin_pluscom\/"}]}},"_links":{"self":[{"href":"https:\/\/www.polycliniqueplus.com\/es\/wp-json\/wp\/v2\/posts\/12051","targetHints":{"allow":["GET"]}}],"collection":[{"href":"https:\/\/www.polycliniqueplus.com\/es\/wp-json\/wp\/v2\/posts"}],"about":[{"href":"https:\/\/www.polycliniqueplus.com\/es\/wp-json\/wp\/v2\/types\/post"}],"author":[{"embeddable":true,"href":"https:\/\/www.polycliniqueplus.com\/es\/wp-json\/wp\/v2\/users\/1"}],"replies":[{"embeddable":true,"href":"https:\/\/www.polycliniqueplus.com\/es\/wp-json\/wp\/v2\/comments?post=12051"}],"version-history":[{"count":1,"href":"https:\/\/www.polycliniqueplus.com\/es\/wp-json\/wp\/v2\/posts\/12051\/revisions"}],"predecessor-version":[{"id":12052,"href":"https:\/\/www.polycliniqueplus.com\/es\/wp-json\/wp\/v2\/posts\/12051\/revisions\/12052"}],"wp:attachment":[{"href":"https:\/\/www.polycliniqueplus.com\/es\/wp-json\/wp\/v2\/media?parent=12051"}],"wp:term":[{"taxonomy":"category","embeddable":true,"href":"https:\/\/www.polycliniqueplus.com\/es\/wp-json\/wp\/v2\/categories?post=12051"},{"taxonomy":"post_tag","embeddable":true,"href":"https:\/\/www.polycliniqueplus.com\/es\/wp-json\/wp\/v2\/tags?post=12051"}],"curies":[{"name":"wp","href":"https:\/\/api.w.org\/{rel}","templated":true}]}}