{"id":12005,"date":"2018-05-29T12:41:30","date_gmt":"2018-05-29T10:41:30","guid":{"rendered":"https:\/\/www.polycliniqueplus.com\/blog\/amber-rose-ha-admitido-finalmente-que-se-ha-sometido-a-una-operacion-de-reduccion-de-pecho\/"},"modified":"2023-01-09T11:11:17","modified_gmt":"2023-01-09T10:11:17","slug":"amber-rose","status":"publish","type":"post","link":"https:\/\/www.polycliniqueplus.com\/es\/blog\/amber-rose\/","title":{"rendered":"Amber Rose ha admitido finalmente que se ha sometido a una operaci\u00f3n de reducci\u00f3n de pecho"},"content":{"rendered":"<p><a href=\"https:\/\/www.polycliniqueplus.com\/wp-content\/uploads\/2018\/05\/Amber-rose-2.jpg\"><noscript><img fetchpriority=\"high\" decoding=\"async\" class=\"aligncenter wp-image-1682\" src=\"https:\/\/www.polycliniqueplus.com\/wp-content\/uploads\/2018\/05\/Amber-rose-2.jpg\" alt=\"Amber \" width=\"757\" height=\"426\"><\/noscript><img fetchpriority=\"high\" decoding=\"async\" class=\"aligncenter wp-image-1682 lazyload\" src=\"data:image\/svg+xml,%3Csvg%20xmlns%3D%22http%3A%2F%2Fwww.w3.org%2F2000%2Fsvg%22%20viewBox%3D%220%200%20757%20426%22%3E%3C%2Fsvg%3E\" alt=\"Amber \" width=\"757\" height=\"426\" data-src=\"https:\/\/www.polycliniqueplus.com\/wp-content\/uploads\/2018\/05\/Amber-rose-2.jpg\"><\/a><\/p>\n<p>Desde modelo a cantante, pasando por actriz y empresaria, ha sido una de las socialit\u00e9s m\u00e1s sexys y comentadas de la \u00faltima d\u00e9cada, todo gracias a su sexy cuerpo y a sus pechos incre\u00edblemente turgentes de talla \u00abH\u00bb.<\/p>\n<p>Debido a su autoproclamada talla \u00abREAL\u00bb, confes\u00f3 a sus millones de seguidores en las redes sociales que quer\u00eda someterse a una operaci\u00f3n de reducci\u00f3n de pecho porque sufr\u00eda dolores de espalda, \u00a1y tambi\u00e9n se someti\u00f3 a la intervenci\u00f3n!<\/p>\n<p>Sin embargo, no muchos fans se fiaron de sus palabras y algunos incluso dijeron que era una excusa para que se quitara los implantes mamarios que se coloc\u00f3 en el interior hace a\u00f1os.<\/p>\n<p>\u00bfSu cuerpo es real o falso? \u00bfQu\u00e9 hay de su cara&#8230; como sus ojos, nariz, mejillas, mand\u00edbulas, barbilla y dem\u00e1s?<\/p>\n<p>Bueno, vamos a&#8230; \u00a1averig\u00fc\u00e9moslo!<\/p>\n<p>La modelo Amber Rose subi\u00f3 a <strong>su Instagram<\/strong> para anunciar que estaba considerando someterse a <a href=\"https:\/\/www.polycliniqueplus.com\/reduction-mammaire-turquie\/\" target=\"_blank\" rel=\"noopener noreferrer\">una cirug\u00eda de reducci\u00f3n de pecho<\/a>, un procedimiento para eliminar el exceso de tejido mamario, grasa y piel. Tambi\u00e9n se pidi\u00f3 la opini\u00f3n de personas que se hab\u00edan sometido a la intervenci\u00f3n en el pasado.<\/p>\n<p><a href=\"https:\/\/www.polycliniqueplus.com\/wp-content\/uploads\/2018\/05\/Amber-rose.jpg\"><noscript><img decoding=\"async\" class=\"aligncenter wp-image-1681\" src=\"https:\/\/www.polycliniqueplus.com\/wp-content\/uploads\/2018\/05\/Amber-rose.jpg\" alt=\"Amber rose \" width=\"643\" height=\"474\"><\/noscript><img decoding=\"async\" class=\"aligncenter wp-image-1681 lazyload\" src=\"data:image\/svg+xml,%3Csvg%20xmlns%3D%22http%3A%2F%2Fwww.w3.org%2F2000%2Fsvg%22%20viewBox%3D%220%200%20643%20474%22%3E%3C%2Fsvg%3E\" alt=\"Amber rose \" width=\"643\" height=\"474\" data-src=\"https:\/\/www.polycliniqueplus.com\/wp-content\/uploads\/2018\/05\/Amber-rose.jpg\"><\/a> Rose cit\u00f3 no s\u00f3lo consideraciones relativas a la ropa, sino tambi\u00e9n el dolor f\u00edsico como motivo para considerar la cirug\u00eda. \u00abMis tetas son est\u00fapidas, <a href=\"https:\/\/www.polycliniqueplus.com\/blog\/reduction-mammaire-pour-soulager-mal-dos\/\" target=\"_blank\" rel=\"noopener noreferrer\">me duele la espalda<\/a> y no puedo llevar camisetas monas sin sujetador de abuela\u00bb, escribi\u00f3. \u00abMe dan mucho miedo las cicatrices de piruleta&#8230; \u00bfhay alguna mujer que sea mucho m\u00e1s feliz aunque tenga cicatrices de reducci\u00f3n mamaria? Y no, no tengo <a href=\"https:\/\/www.polycliniqueplus.com\/augmentation-mammaire-turquie\/\" target=\"_blank\" rel=\"noopener noreferrer\">implantes mamarios<\/a>, as\u00ed que no pueden cortar alrededor de los pezones. \u00bb Concluy\u00f3 su post pidiendo a la gente que compartiera sus experiencias con la cirug\u00eda de reducci\u00f3n de pecho antes de tomar su decisi\u00f3n final.<\/p>\n<p>Aunque <a href=\"https:\/\/www.polycliniqueplus.com\/\" target=\"_blank\" rel=\"noopener noreferrer\">la cirug\u00eda pl\u00e1stica<\/a> en su conjunto ha ido en aumento en Estados Unidos, la Sociedad Americana de Cirujanos Pl\u00e1sticos (ASPS) inform\u00f3 de un descenso del cuatro por ciento en las cirug\u00edas est\u00e9ticas de reducci\u00f3n de pecho de 2015 a 2016. Seg\u00fan los datos publicados por la ASPS, unas 66.900 personas se sometieron a una cirug\u00eda de reducci\u00f3n de pecho en 2016, y las mujeres no son las \u00fanicas que se la hacen: La ASPS revel\u00f3 que el 40% de los pacientes de cirug\u00eda de reducci\u00f3n mamaria son hombres.<\/p>\n<h2>Cirug\u00eda de reducci\u00f3n mamaria<\/h2>\n<p> Tambi\u00e9n hay muchas personas que optan por una reducci\u00f3n mamaria por motivos est\u00e9ticos personales, cuando el tama\u00f1o de sus pechos les impide sentirse c\u00f3modas y seguras con su cuerpo.<\/p>\n<h3>La cirug\u00eda en s\u00ed es relativamente sencilla y segura.<\/h3>\n<p>\u00abLa reducci\u00f3n mamaria suele ser un procedimiento ambulatorio, en el que la paciente se va a casa el mismo d\u00eda.<br>\n\u00abSi el paciente est\u00e1 sano en el momento de la intervenci\u00f3n, es un procedimiento muy seguro\u00bb. Los riesgos m\u00e1s comunes de la cirug\u00eda de reducci\u00f3n mamaria son los derivados de la anestesia, as\u00ed como las hemorragias o infecciones tras la intervenci\u00f3n.<br>\nAntes de comenzar la operaci\u00f3n, es esencial que el cirujano y el paciente discutan exactamente d\u00f3nde se har\u00e1n las incisiones y, por tanto, d\u00f3nde quedar\u00e1n las cicatrices.<br>\nY s\u00ed, tendr\u00e1 cicatrices porque la reducci\u00f3n mamaria es una cirug\u00eda abierta.<br>\n\u00abUna idea err\u00f3nea muy extendida sobre la reducci\u00f3n mamaria es que es similar a la liposucci\u00f3n, en la que una c\u00e1nula aspira la grasa a trav\u00e9s de un peque\u00f1o orificio\u00bb, explica el cirujano.<br>\n\u00abPero en realidad se trata de una especie de deconstrucci\u00f3n de la mama y posterior reconstrucci\u00f3n. Hacemos las incisiones, abrimos todo, extraemos el tejido que queremos extirpar y luego cerramos todo\u00bb.<br>\nLa mayor\u00eda de los pacientes acaban con dos o tres cicatrices, dependiendo de la t\u00e9cnica utilizada.<br>\n\u00abIntentamos ocultar las cicatrices en zonas donde no se vean, lo que significa que suele haber una incisi\u00f3n alrededor de la areola, y luego suele haber una cicatriz hasta el pliegue del pecho\u00bb. utilizar para reducciones m\u00e1s moderadas, forma lo que se denomina una \u00abcicatriz piruleta\u00bb por su forma. Otro abordaje habitual, el anclaje o la T invertida, deja tres cicatrices. En cualquier caso, \u00ablas incisiones deber\u00edan cicatrizar bien, y son lo bastante peque\u00f1as como para ocultarse con un sujetador o un top de traje de ba\u00f1o\u00bb.<\/p>\n<h2>Amber Rose 2018 tras una reducci\u00f3n de pecho<\/h2>\n<p><a href=\"https:\/\/www.polycliniqueplus.com\/wp-content\/uploads\/2018\/05\/amber-rose-2018.jpg\"><noscript><img decoding=\"async\" class=\"aligncenter wp-image-1687\" src=\"https:\/\/www.polycliniqueplus.com\/wp-content\/uploads\/2018\/05\/amber-rose-2018.jpg\" alt=\"amber rose 2018\" width=\"390\" height=\"488\"><\/noscript><img decoding=\"async\" class=\"aligncenter wp-image-1687 lazyload\" src=\"data:image\/svg+xml,%3Csvg%20xmlns%3D%22http%3A%2F%2Fwww.w3.org%2F2000%2Fsvg%22%20viewBox%3D%220%200%20390%20488%22%3E%3C%2Fsvg%3E\" alt=\"amber rose 2018\" width=\"390\" height=\"488\" data-src=\"https:\/\/www.polycliniqueplus.com\/wp-content\/uploads\/2018\/05\/amber-rose-2018.jpg\"><\/a><\/p>\n<p>Amber sigui\u00f3 con su cirug\u00eda de reducci\u00f3n de pecho y este es su resultado. S\u00ed, el tama\u00f1o de sus pechos parece m\u00e1s peque\u00f1o con esa ropa ajustada. Tambi\u00e9n nos alegramos mucho por ella, sobre todo si es mejor para su salud. La nueva carrocer\u00eda est\u00e1 proporcionada y tiene un aspecto estupendo.<\/p>\n","protected":false},"excerpt":{"rendered":"<p>Desde modelo a cantante, pasando por actriz y empresaria, ha sido una de las socialit\u00e9s m\u00e1s sexys y comentadas de la \u00faltima d\u00e9cada, todo gracias a su sexy cuerpo y a sus pechos incre\u00edblemente turgentes de talla \u00abH\u00bb. Debido a su autoproclamada talla \u00abREAL\u00bb, confes\u00f3 a sus millones de seguidores en las redes sociales que [&hellip;]<\/p>\n","protected":false},"author":1,"featured_media":0,"comment_status":"closed","ping_status":"open","sticky":false,"template":"","format":"standard","meta":{"footnotes":""},"categories":[176],"tags":[224,225],"class_list":["post-12005","post","type-post","status-publish","format-standard","hentry","category-pechos","tag-cirugia-mamaria","tag-reduccion-mamaria"],"yoast_head":"<!-- This site is optimized with the Yoast SEO plugin v27.3 - https:\/\/yoast.com\/product\/yoast-seo-wordpress\/ -->\n<title>Fotos Amber Rose tras la operaci\u00f3n de reducci\u00f3n de pecho<\/title>\n<meta name=\"robots\" content=\"index, follow, max-snippet:-1, max-image-preview:large, max-video-preview:-1\" \/>\n<link rel=\"canonical\" href=\"https:\/\/www.polycliniqueplus.com\/es\/blog\/amber-rose\/\" \/>\n<meta property=\"og:locale\" content=\"es_ES\" \/>\n<meta property=\"og:type\" content=\"article\" \/>\n<meta property=\"og:title\" content=\"Fotos Amber Rose tras la operaci\u00f3n de reducci\u00f3n de pecho\" \/>\n<meta property=\"og:description\" content=\"Desde modelo a cantante, pasando por actriz y empresaria, ha sido una de las socialit\u00e9s m\u00e1s sexys y comentadas de la \u00faltima d\u00e9cada, todo gracias a su sexy cuerpo y a sus pechos incre\u00edblemente turgentes de talla \u00abH\u00bb. Debido a su autoproclamada talla \u00abREAL\u00bb, confes\u00f3 a sus millones de seguidores en las redes sociales que [&hellip;]\" \/>\n<meta property=\"og:url\" content=\"https:\/\/www.polycliniqueplus.com\/es\/blog\/amber-rose\/\" \/>\n<meta property=\"og:site_name\" content=\"Chirurgie esthetique Turquie : Prix interventions meilleures cliniques Istanbul\" \/>\n<meta property=\"article:publisher\" content=\"https:\/\/www.facebook.com\/polycliniqueplus\" \/>\n<meta property=\"article:published_time\" content=\"2018-05-29T10:41:30+00:00\" \/>\n<meta property=\"article:modified_time\" content=\"2023-01-09T10:11:17+00:00\" \/>\n<meta property=\"og:image\" content=\"https:\/\/www.polycliniqueplus.com\/wp-content\/uploads\/2018\/05\/Amber-rose-2.jpg\" \/>\n<meta name=\"author\" content=\"Mirna\" \/>\n<meta name=\"twitter:card\" content=\"summary_large_image\" \/>\n<meta name=\"twitter:creator\" content=\"@polyclinique1\" \/>\n<meta name=\"twitter:site\" content=\"@polyclinique1\" \/>\n<meta name=\"twitter:label1\" content=\"Escrito por\" \/>\n\t<meta name=\"twitter:data1\" content=\"Mirna\" \/>\n\t<meta name=\"twitter:label2\" content=\"Tiempo de lectura\" \/>\n\t<meta name=\"twitter:data2\" content=\"4 minutos\" \/>\n<script type=\"application\/ld+json\" class=\"yoast-schema-graph\">{\"@context\":\"https:\\\/\\\/schema.org\",\"@graph\":[{\"@type\":\"Article\",\"@id\":\"https:\\\/\\\/www.polycliniqueplus.com\\\/es\\\/blog\\\/amber-rose\\\/#article\",\"isPartOf\":{\"@id\":\"https:\\\/\\\/www.polycliniqueplus.com\\\/es\\\/blog\\\/amber-rose\\\/\"},\"author\":{\"name\":\"Mirna\",\"@id\":\"https:\\\/\\\/www.polycliniqueplus.com\\\/es\\\/#\\\/schema\\\/person\\\/0525a0bd10c537b179c46d27f9a7ddfe\"},\"headline\":\"Amber Rose ha admitido finalmente que se ha sometido a una operaci\u00f3n de reducci\u00f3n de pecho\",\"datePublished\":\"2018-05-29T10:41:30+00:00\",\"dateModified\":\"2023-01-09T10:11:17+00:00\",\"mainEntityOfPage\":{\"@id\":\"https:\\\/\\\/www.polycliniqueplus.com\\\/es\\\/blog\\\/amber-rose\\\/\"},\"wordCount\":838,\"publisher\":{\"@id\":\"https:\\\/\\\/www.polycliniqueplus.com\\\/es\\\/#organization\"},\"image\":{\"@id\":\"https:\\\/\\\/www.polycliniqueplus.com\\\/es\\\/blog\\\/amber-rose\\\/#primaryimage\"},\"thumbnailUrl\":\"https:\\\/\\\/www.polycliniqueplus.com\\\/wp-content\\\/uploads\\\/2018\\\/05\\\/Amber-rose-2.jpg\",\"keywords\":[\"Cirug\u00eda mamaria\",\"Reducci\u00f3n mamaria\"],\"articleSection\":[\"Pechos\"],\"inLanguage\":\"es\"},{\"@type\":\"WebPage\",\"@id\":\"https:\\\/\\\/www.polycliniqueplus.com\\\/es\\\/blog\\\/amber-rose\\\/\",\"url\":\"https:\\\/\\\/www.polycliniqueplus.com\\\/es\\\/blog\\\/amber-rose\\\/\",\"name\":\"Fotos Amber Rose tras la operaci\u00f3n de reducci\u00f3n de pecho\",\"isPartOf\":{\"@id\":\"https:\\\/\\\/www.polycliniqueplus.com\\\/es\\\/#website\"},\"primaryImageOfPage\":{\"@id\":\"https:\\\/\\\/www.polycliniqueplus.com\\\/es\\\/blog\\\/amber-rose\\\/#primaryimage\"},\"image\":{\"@id\":\"https:\\\/\\\/www.polycliniqueplus.com\\\/es\\\/blog\\\/amber-rose\\\/#primaryimage\"},\"thumbnailUrl\":\"https:\\\/\\\/www.polycliniqueplus.com\\\/wp-content\\\/uploads\\\/2018\\\/05\\\/Amber-rose-2.jpg\",\"datePublished\":\"2018-05-29T10:41:30+00:00\",\"dateModified\":\"2023-01-09T10:11:17+00:00\",\"breadcrumb\":{\"@id\":\"https:\\\/\\\/www.polycliniqueplus.com\\\/es\\\/blog\\\/amber-rose\\\/#breadcrumb\"},\"inLanguage\":\"es\",\"potentialAction\":[{\"@type\":\"ReadAction\",\"target\":[\"https:\\\/\\\/www.polycliniqueplus.com\\\/es\\\/blog\\\/amber-rose\\\/\"]}]},{\"@type\":\"ImageObject\",\"inLanguage\":\"es\",\"@id\":\"https:\\\/\\\/www.polycliniqueplus.com\\\/es\\\/blog\\\/amber-rose\\\/#primaryimage\",\"url\":\"https:\\\/\\\/www.polycliniqueplus.com\\\/wp-content\\\/uploads\\\/2018\\\/05\\\/Amber-rose-2.jpg\",\"contentUrl\":\"https:\\\/\\\/www.polycliniqueplus.com\\\/wp-content\\\/uploads\\\/2018\\\/05\\\/Amber-rose-2.jpg\"},{\"@type\":\"BreadcrumbList\",\"@id\":\"https:\\\/\\\/www.polycliniqueplus.com\\\/es\\\/blog\\\/amber-rose\\\/#breadcrumb\",\"itemListElement\":[{\"@type\":\"ListItem\",\"position\":1,\"name\":\"Accueil\",\"item\":\"https:\\\/\\\/www.polycliniqueplus.com\\\/es\\\/\"},{\"@type\":\"ListItem\",\"position\":2,\"name\":\"Amber Rose ha admitido finalmente que se ha sometido a una operaci\u00f3n de reducci\u00f3n de pecho\"}]},{\"@type\":\"WebSite\",\"@id\":\"https:\\\/\\\/www.polycliniqueplus.com\\\/es\\\/#website\",\"url\":\"https:\\\/\\\/www.polycliniqueplus.com\\\/es\\\/\",\"name\":\"Chirurgie esthetique Turquie : Prix interventions meilleures cliniques Istanbul\",\"description\":\"Chirurgie esthetique Turquie prix pas cher\",\"publisher\":{\"@id\":\"https:\\\/\\\/www.polycliniqueplus.com\\\/es\\\/#organization\"},\"potentialAction\":[{\"@type\":\"SearchAction\",\"target\":{\"@type\":\"EntryPoint\",\"urlTemplate\":\"https:\\\/\\\/www.polycliniqueplus.com\\\/es\\\/?s={search_term_string}\"},\"query-input\":{\"@type\":\"PropertyValueSpecification\",\"valueRequired\":true,\"valueName\":\"search_term_string\"}}],\"inLanguage\":\"es\"},{\"@type\":\"Organization\",\"@id\":\"https:\\\/\\\/www.polycliniqueplus.com\\\/es\\\/#organization\",\"name\":\"Polycliniqueplus chirurgie esthetique Turquie\",\"url\":\"https:\\\/\\\/www.polycliniqueplus.com\\\/es\\\/\",\"logo\":{\"@type\":\"ImageObject\",\"inLanguage\":\"es\",\"@id\":\"https:\\\/\\\/www.polycliniqueplus.com\\\/es\\\/#\\\/schema\\\/logo\\\/image\\\/\",\"url\":\"https:\\\/\\\/www.polycliniqueplus.com\\\/wp-content\\\/uploads\\\/2021\\\/03\\\/cropped-add-box-fill.png\",\"contentUrl\":\"https:\\\/\\\/www.polycliniqueplus.com\\\/wp-content\\\/uploads\\\/2021\\\/03\\\/cropped-add-box-fill.png\",\"width\":512,\"height\":512,\"caption\":\"Polycliniqueplus chirurgie esthetique Turquie\"},\"image\":{\"@id\":\"https:\\\/\\\/www.polycliniqueplus.com\\\/es\\\/#\\\/schema\\\/logo\\\/image\\\/\"},\"sameAs\":[\"https:\\\/\\\/www.facebook.com\\\/polycliniqueplus\",\"https:\\\/\\\/x.com\\\/polyclinique1\",\"https:\\\/\\\/www.youtube.com\\\/channel\\\/UCAnK3TORJqflIuYGFa-JQDw\"]},{\"@type\":\"Person\",\"@id\":\"https:\\\/\\\/www.polycliniqueplus.com\\\/es\\\/#\\\/schema\\\/person\\\/0525a0bd10c537b179c46d27f9a7ddfe\",\"name\":\"Mirna\",\"image\":{\"@type\":\"ImageObject\",\"inLanguage\":\"es\",\"@id\":\"https:\\\/\\\/secure.gravatar.com\\\/avatar\\\/a66d15ec76051205756db13372446db97237a4727517044f67012dd173d87cab?s=96&d=mm&r=g\",\"url\":\"https:\\\/\\\/secure.gravatar.com\\\/avatar\\\/a66d15ec76051205756db13372446db97237a4727517044f67012dd173d87cab?s=96&d=mm&r=g\",\"contentUrl\":\"https:\\\/\\\/secure.gravatar.com\\\/avatar\\\/a66d15ec76051205756db13372446db97237a4727517044f67012dd173d87cab?s=96&d=mm&r=g\",\"caption\":\"Mirna\"},\"url\":\"https:\\\/\\\/www.polycliniqueplus.com\\\/es\\\/blog\\\/author\\\/polyclin_pluscom\\\/\"}]}<\/script>\n<!-- \/ Yoast SEO plugin. -->","yoast_head_json":{"title":"Fotos Amber Rose tras la operaci\u00f3n de reducci\u00f3n de pecho","robots":{"index":"index","follow":"follow","max-snippet":"max-snippet:-1","max-image-preview":"max-image-preview:large","max-video-preview":"max-video-preview:-1"},"canonical":"https:\/\/www.polycliniqueplus.com\/es\/blog\/amber-rose\/","og_locale":"es_ES","og_type":"article","og_title":"Fotos Amber Rose tras la operaci\u00f3n de reducci\u00f3n de pecho","og_description":"Desde modelo a cantante, pasando por actriz y empresaria, ha sido una de las socialit\u00e9s m\u00e1s sexys y comentadas de la \u00faltima d\u00e9cada, todo gracias a su sexy cuerpo y a sus pechos incre\u00edblemente turgentes de talla \u00abH\u00bb. Debido a su autoproclamada talla \u00abREAL\u00bb, confes\u00f3 a sus millones de seguidores en las redes sociales que [&hellip;]","og_url":"https:\/\/www.polycliniqueplus.com\/es\/blog\/amber-rose\/","og_site_name":"Chirurgie esthetique Turquie : Prix interventions meilleures cliniques Istanbul","article_publisher":"https:\/\/www.facebook.com\/polycliniqueplus","article_published_time":"2018-05-29T10:41:30+00:00","article_modified_time":"2023-01-09T10:11:17+00:00","og_image":[{"url":"https:\/\/www.polycliniqueplus.com\/wp-content\/uploads\/2018\/05\/Amber-rose-2.jpg","type":"","width":"","height":""}],"author":"Mirna","twitter_card":"summary_large_image","twitter_creator":"@polyclinique1","twitter_site":"@polyclinique1","twitter_misc":{"Escrito por":"Mirna","Tiempo de lectura":"4 minutos"},"schema":{"@context":"https:\/\/schema.org","@graph":[{"@type":"Article","@id":"https:\/\/www.polycliniqueplus.com\/es\/blog\/amber-rose\/#article","isPartOf":{"@id":"https:\/\/www.polycliniqueplus.com\/es\/blog\/amber-rose\/"},"author":{"name":"Mirna","@id":"https:\/\/www.polycliniqueplus.com\/es\/#\/schema\/person\/0525a0bd10c537b179c46d27f9a7ddfe"},"headline":"Amber Rose ha admitido finalmente que se ha sometido a una operaci\u00f3n de reducci\u00f3n de pecho","datePublished":"2018-05-29T10:41:30+00:00","dateModified":"2023-01-09T10:11:17+00:00","mainEntityOfPage":{"@id":"https:\/\/www.polycliniqueplus.com\/es\/blog\/amber-rose\/"},"wordCount":838,"publisher":{"@id":"https:\/\/www.polycliniqueplus.com\/es\/#organization"},"image":{"@id":"https:\/\/www.polycliniqueplus.com\/es\/blog\/amber-rose\/#primaryimage"},"thumbnailUrl":"https:\/\/www.polycliniqueplus.com\/wp-content\/uploads\/2018\/05\/Amber-rose-2.jpg","keywords":["Cirug\u00eda mamaria","Reducci\u00f3n mamaria"],"articleSection":["Pechos"],"inLanguage":"es"},{"@type":"WebPage","@id":"https:\/\/www.polycliniqueplus.com\/es\/blog\/amber-rose\/","url":"https:\/\/www.polycliniqueplus.com\/es\/blog\/amber-rose\/","name":"Fotos Amber Rose tras la operaci\u00f3n de reducci\u00f3n de pecho","isPartOf":{"@id":"https:\/\/www.polycliniqueplus.com\/es\/#website"},"primaryImageOfPage":{"@id":"https:\/\/www.polycliniqueplus.com\/es\/blog\/amber-rose\/#primaryimage"},"image":{"@id":"https:\/\/www.polycliniqueplus.com\/es\/blog\/amber-rose\/#primaryimage"},"thumbnailUrl":"https:\/\/www.polycliniqueplus.com\/wp-content\/uploads\/2018\/05\/Amber-rose-2.jpg","datePublished":"2018-05-29T10:41:30+00:00","dateModified":"2023-01-09T10:11:17+00:00","breadcrumb":{"@id":"https:\/\/www.polycliniqueplus.com\/es\/blog\/amber-rose\/#breadcrumb"},"inLanguage":"es","potentialAction":[{"@type":"ReadAction","target":["https:\/\/www.polycliniqueplus.com\/es\/blog\/amber-rose\/"]}]},{"@type":"ImageObject","inLanguage":"es","@id":"https:\/\/www.polycliniqueplus.com\/es\/blog\/amber-rose\/#primaryimage","url":"https:\/\/www.polycliniqueplus.com\/wp-content\/uploads\/2018\/05\/Amber-rose-2.jpg","contentUrl":"https:\/\/www.polycliniqueplus.com\/wp-content\/uploads\/2018\/05\/Amber-rose-2.jpg"},{"@type":"BreadcrumbList","@id":"https:\/\/www.polycliniqueplus.com\/es\/blog\/amber-rose\/#breadcrumb","itemListElement":[{"@type":"ListItem","position":1,"name":"Accueil","item":"https:\/\/www.polycliniqueplus.com\/es\/"},{"@type":"ListItem","position":2,"name":"Amber Rose ha admitido finalmente que se ha sometido a una operaci\u00f3n de reducci\u00f3n de pecho"}]},{"@type":"WebSite","@id":"https:\/\/www.polycliniqueplus.com\/es\/#website","url":"https:\/\/www.polycliniqueplus.com\/es\/","name":"Chirurgie esthetique Turquie : Prix interventions meilleures cliniques Istanbul","description":"Chirurgie esthetique Turquie prix pas cher","publisher":{"@id":"https:\/\/www.polycliniqueplus.com\/es\/#organization"},"potentialAction":[{"@type":"SearchAction","target":{"@type":"EntryPoint","urlTemplate":"https:\/\/www.polycliniqueplus.com\/es\/?s={search_term_string}"},"query-input":{"@type":"PropertyValueSpecification","valueRequired":true,"valueName":"search_term_string"}}],"inLanguage":"es"},{"@type":"Organization","@id":"https:\/\/www.polycliniqueplus.com\/es\/#organization","name":"Polycliniqueplus chirurgie esthetique Turquie","url":"https:\/\/www.polycliniqueplus.com\/es\/","logo":{"@type":"ImageObject","inLanguage":"es","@id":"https:\/\/www.polycliniqueplus.com\/es\/#\/schema\/logo\/image\/","url":"https:\/\/www.polycliniqueplus.com\/wp-content\/uploads\/2021\/03\/cropped-add-box-fill.png","contentUrl":"https:\/\/www.polycliniqueplus.com\/wp-content\/uploads\/2021\/03\/cropped-add-box-fill.png","width":512,"height":512,"caption":"Polycliniqueplus chirurgie esthetique Turquie"},"image":{"@id":"https:\/\/www.polycliniqueplus.com\/es\/#\/schema\/logo\/image\/"},"sameAs":["https:\/\/www.facebook.com\/polycliniqueplus","https:\/\/x.com\/polyclinique1","https:\/\/www.youtube.com\/channel\/UCAnK3TORJqflIuYGFa-JQDw"]},{"@type":"Person","@id":"https:\/\/www.polycliniqueplus.com\/es\/#\/schema\/person\/0525a0bd10c537b179c46d27f9a7ddfe","name":"Mirna","image":{"@type":"ImageObject","inLanguage":"es","@id":"https:\/\/secure.gravatar.com\/avatar\/a66d15ec76051205756db13372446db97237a4727517044f67012dd173d87cab?s=96&d=mm&r=g","url":"https:\/\/secure.gravatar.com\/avatar\/a66d15ec76051205756db13372446db97237a4727517044f67012dd173d87cab?s=96&d=mm&r=g","contentUrl":"https:\/\/secure.gravatar.com\/avatar\/a66d15ec76051205756db13372446db97237a4727517044f67012dd173d87cab?s=96&d=mm&r=g","caption":"Mirna"},"url":"https:\/\/www.polycliniqueplus.com\/es\/blog\/author\/polyclin_pluscom\/"}]}},"_links":{"self":[{"href":"https:\/\/www.polycliniqueplus.com\/es\/wp-json\/wp\/v2\/posts\/12005","targetHints":{"allow":["GET"]}}],"collection":[{"href":"https:\/\/www.polycliniqueplus.com\/es\/wp-json\/wp\/v2\/posts"}],"about":[{"href":"https:\/\/www.polycliniqueplus.com\/es\/wp-json\/wp\/v2\/types\/post"}],"author":[{"embeddable":true,"href":"https:\/\/www.polycliniqueplus.com\/es\/wp-json\/wp\/v2\/users\/1"}],"replies":[{"embeddable":true,"href":"https:\/\/www.polycliniqueplus.com\/es\/wp-json\/wp\/v2\/comments?post=12005"}],"version-history":[{"count":3,"href":"https:\/\/www.polycliniqueplus.com\/es\/wp-json\/wp\/v2\/posts\/12005\/revisions"}],"predecessor-version":[{"id":12008,"href":"https:\/\/www.polycliniqueplus.com\/es\/wp-json\/wp\/v2\/posts\/12005\/revisions\/12008"}],"wp:attachment":[{"href":"https:\/\/www.polycliniqueplus.com\/es\/wp-json\/wp\/v2\/media?parent=12005"}],"wp:term":[{"taxonomy":"category","embeddable":true,"href":"https:\/\/www.polycliniqueplus.com\/es\/wp-json\/wp\/v2\/categories?post=12005"},{"taxonomy":"post_tag","embeddable":true,"href":"https:\/\/www.polycliniqueplus.com\/es\/wp-json\/wp\/v2\/tags?post=12005"}],"curies":[{"name":"wp","href":"https:\/\/api.w.org\/{rel}","templated":true}]}}