{"id":11916,"date":"2017-09-20T08:28:01","date_gmt":"2017-09-20T06:28:01","guid":{"rendered":"https:\/\/www.polycliniqueplus.com\/blog\/trump-emplea-un-tono-beligerante-con-corea-del-norte-en-su-discurso-ante-la-asamblea-general-de-la-onu\/"},"modified":"2023-01-06T15:37:17","modified_gmt":"2023-01-06T14:37:17","slug":"trump-la-asamblea-general","status":"publish","type":"post","link":"https:\/\/www.polycliniqueplus.com\/es\/blog\/trump-la-asamblea-general\/","title":{"rendered":"Trump emplea un tono beligerante con Corea del Norte en su discurso ante la Asamblea General de la ONU."},"content":{"rendered":"<p><strong>El presidente estadounidense, Donald Trump, dijo el martes que Estados Unidos se ver\u00e1 obligado a \u00abdestruir totalmente\u00bb Corea del Norte a menos que Pyongyang retroceda en su desaf\u00edo nuclear, burl\u00e1ndose del l\u00edder norcoreano Kim Jong Un como el \u00abhogar\u00bb de una misi\u00f3n suicida.<\/strong><\/p>\n<p><noscript><img fetchpriority=\"high\" decoding=\"async\" class=\"aligncenter wp-image-1117\" src=\"https:\/\/www.polycliniqueplus.com\/wp-content\/uploads\/2017\/09\/Trump.jpg\" alt=\"Trump vs Kim\" width=\"544\" height=\"308\"><\/noscript><img fetchpriority=\"high\" decoding=\"async\" class=\"aligncenter wp-image-1117 lazyload\" src=\"data:image\/svg+xml,%3Csvg%20xmlns%3D%22http%3A%2F%2Fwww.w3.org%2F2000%2Fsvg%22%20viewBox%3D%220%200%20544%20308%22%3E%3C%2Fsvg%3E\" alt=\"Trump vs Kim\" width=\"544\" height=\"308\" data-src=\"https:\/\/www.polycliniqueplus.com\/wp-content\/uploads\/2017\/09\/Trump.jpg\"><\/p>\n<p>Pesados murmullos llenaron la ONU de m\u00e1rmol verde. Sal\u00f3n de la Asamblea General cuando Trump lanz\u00f3 su \u00faltima advertencia a Corea del Norte, cuyos lanzamientos de misiles bal\u00edsticos y pruebas nucleares han sacudido el mundo. A menos que Corea del Norte retroceda, dijo, \u00abno tendremos m\u00e1s remedio que destruir completamente Corea del Norte\u00bb.<br>\n\u00abRocket Man est\u00e1 en una misi\u00f3n suicida para s\u00ed mismo y su r\u00e9gimen\u00bb, dijo. La misi\u00f3n de Corea del Norte ante las Naciones Unidas no respondi\u00f3 de inmediato a una solicitud de comentarios sobre Trump. El diplom\u00e1tico norcoreano de menor rango permaneci\u00f3 en el asiento de la delegaci\u00f3n durante el discurso de Trump, dijo la misi\u00f3n norcoreana ante la ONU.<br>\nEn su primera aparici\u00f3n en la reuni\u00f3n anual de l\u00edderes mundiales, el presidente aprovech\u00f3 un discurso de 41 minutos para arremeter tambi\u00e9n contra las ambiciones nucleares y la influencia regional de Ir\u00e1n, el desmoronamiento de la democracia venezolana y la amenaza de los extremistas islamistas. <noscript><img decoding=\"async\" class=\"aligncenter wp-image-1118\" src=\"https:\/\/www.polycliniqueplus.com\/wp-content\/uploads\/2017\/09\/Trump20171.jpg\" alt=\"Trump 2017\" width=\"549\" height=\"315\"><\/noscript><img decoding=\"async\" class=\"aligncenter wp-image-1118 lazyload\" src=\"data:image\/svg+xml,%3Csvg%20xmlns%3D%22http%3A%2F%2Fwww.w3.org%2F2000%2Fsvg%22%20viewBox%3D%220%200%20549%20315%22%3E%3C%2Fsvg%3E\" alt=\"Trump 2017\" width=\"549\" height=\"315\" data-src=\"https:\/\/www.polycliniqueplus.com\/wp-content\/uploads\/2017\/09\/Trump20171.jpg\"> Tambi\u00e9n critic\u00f3 al gobierno cubano. Pero sus palabras m\u00e1s contundentes fueron dirigidas a Corea del Norte. Inst\u00f3 a los Estados miembros de la ONU a trabajar juntos para aislar al gobierno de Kim hasta que cese su comportamiento \u00abhostil\u00bb, afirmando que la b\u00fasqueda de armas nucleares y misiles bal\u00edsticos por parte de Corea del Norte \u00abamenaza al mundo entero con un coste impensable en vidas humanas\u00bb.<br>\nEn lo que fue una velada pulla a China, el principal socio comercial del Norte, Trump dijo: \u00abEs un esc\u00e1ndalo que algunas naciones no s\u00f3lo comercien con un r\u00e9gimen as\u00ed, sino que financien, suministren y apoyen econ\u00f3micamente a un pa\u00eds que pone en peligro al mundo con un conflicto nuclear\u00bb.<br>\nSobre Ir\u00e1n, Trump calific\u00f3 de verg\u00fcenza el acuerdo nuclear de 2015 negociado por su predecesor, Barack Obama, y sugiri\u00f3 que no puede certificar el acuerdo cuando se acerque la fecha l\u00edmite de mediados de octubre.<br>\n\u00abNo creo que haya o\u00eddo lo \u00faltimo\u00bb, dijo.<noscript><img decoding=\"async\" class=\"aligncenter wp-image-1118\" src=\"https:\/\/www.polycliniqueplus.com\/wp-content\/uploads\/2017\/09\/Trump2017.jpg\" alt=\"Donald Trump\" width=\"587\" height=\"335\"><\/noscript><img decoding=\"async\" class=\"aligncenter wp-image-1118 lazyload\" src=\"data:image\/svg+xml,%3Csvg%20xmlns%3D%22http%3A%2F%2Fwww.w3.org%2F2000%2Fsvg%22%20viewBox%3D%220%200%20587%20335%22%3E%3C%2Fsvg%3E\" alt=\"Donald Trump\" width=\"587\" height=\"335\" data-src=\"https:\/\/www.polycliniqueplus.com\/wp-content\/uploads\/2017\/09\/Trump2017.jpg\"> Calific\u00f3 a Ir\u00e1n de \u00abEstado canalla econ\u00f3micamente agotado\u00bb que exporta violencia.<br>\nEl discurso marc\u00f3 su \u00faltimo intento de exponer su visi\u00f3n de America first para una pol\u00edtica exterior estadounidense que aspira a prescindir de las burocracias globales, construir alianzas basadas en intereses compartidos y dejar de lado los esfuerzos de Washington en el exterior.<br>\nTrump, que lleg\u00f3 a la Casa Blanca hace ocho meses, dijo a los l\u00edderes mundiales en la organizaci\u00f3n mundial 193 que EE.UU. no pretende imponer su voluntad a otras naciones y que respetar\u00e1 la soberan\u00eda de otros pa\u00edses. \u00abDefender\u00e9 los intereses de EE.UU. por encima de todo\u00bb, afirm\u00f3. \u00abPero en el cumplimiento de nuestras obligaciones con otras naciones, nos damos cuenta de que es en inter\u00e9s de todos buscar un futuro en el que todas las naciones puedan ser soberanas, pr\u00f3speras y seguras\u00bb Leyendo de un gui\u00f3n, Trump dijo que el ej\u00e9rcito de EE.UU. pronto ser\u00eda el m\u00e1s fuerte que ha sido nunca. Sobre Venezuela, Trump calific\u00f3 la situaci\u00f3n colapsada de \u00abtotalmente inaceptable\u00bb y dijo que EE.UU. no puede quedarse de brazos cruzados. Advirti\u00f3 de que EE.UU. estaba considerando nuevas medidas. \u00abNo podemos quedarnos de brazos cruzados\u00bb, dijo. Poco antes del discurso de Trump, el secretario general de la ONU, Antonio Guterres, apel\u00f3 en la embajada de la Asamblea General a una pol\u00edtica de Estado para evitar la guerra con Corea del Norte.<br>\n<noscript><img loading=\"lazy\" decoding=\"async\" class=\"aligncenter wp-image-1121\" src=\"https:\/\/www.polycliniqueplus.com\/wp-content\/uploads\/2017\/09\/Antonio-Guterres.jpg\" alt=\"Antonio Guterres\" width=\"443\" height=\"295\"><\/noscript><img loading=\"lazy\" decoding=\"async\" class=\"aligncenter wp-image-1121 lazyload\" src=\"data:image\/svg+xml,%3Csvg%20xmlns%3D%22http%3A%2F%2Fwww.w3.org%2F2000%2Fsvg%22%20viewBox%3D%220%200%20443%20295%22%3E%3C%2Fsvg%3E\" alt=\"Antonio Guterres\" width=\"443\" height=\"295\" data-src=\"https:\/\/www.polycliniqueplus.com\/wp-content\/uploads\/2017\/09\/Antonio-Guterres.jpg\"> \u00abEste es el momento del arte de gobernar\u00bb, dijo el ex primer ministro portugu\u00e9s. \u00abEl Consejo de Seguridad de la ONU ha impuesto por unanimidad nueve sanciones contra Corea del Norte desde 2006 y Guterres pidi\u00f3 que el \u00f3rgano de 15 miembros mantenga su unidad respecto a Corea del Norte. <\/p>\n","protected":false},"excerpt":{"rendered":"<p>El presidente estadounidense, Donald Trump, dijo el martes que Estados Unidos se ver\u00e1 obligado a \u00abdestruir totalmente\u00bb Corea del Norte a menos que Pyongyang retroceda en su desaf\u00edo nuclear, burl\u00e1ndose del l\u00edder norcoreano Kim Jong Un como el \u00abhogar\u00bb de una misi\u00f3n suicida. Pesados murmullos llenaron la ONU de m\u00e1rmol verde. Sal\u00f3n de la Asamblea [&hellip;]<\/p>\n","protected":false},"author":1,"featured_media":11917,"comment_status":"closed","ping_status":"open","sticky":false,"template":"","format":"standard","meta":{"footnotes":""},"categories":[180],"tags":[],"class_list":["post-11916","post","type-post","status-publish","format-standard","has-post-thumbnail","hentry","category-noticias"],"yoast_head":"<!-- This site is optimized with the Yoast SEO plugin v27.3 - https:\/\/yoast.com\/product\/yoast-seo-wordpress\/ -->\n<title>Trump promete &quot;destruir por completo&quot; Corea del Norte.<\/title>\n<meta name=\"description\" content=\"Donald Trump ha condenado a Corea del Norte y ha dicho que est\u00e1 dispuesto a destruirla por completo si persiste en su proyecto nuclear.\" \/>\n<meta name=\"robots\" content=\"index, follow, max-snippet:-1, max-image-preview:large, max-video-preview:-1\" \/>\n<link rel=\"canonical\" href=\"https:\/\/www.polycliniqueplus.com\/es\/blog\/trump-la-asamblea-general\/\" \/>\n<meta property=\"og:locale\" content=\"es_ES\" \/>\n<meta property=\"og:type\" content=\"article\" \/>\n<meta property=\"og:title\" content=\"Trump promete &quot;destruir por completo&quot; Corea del Norte.\" \/>\n<meta property=\"og:description\" content=\"Donald Trump ha condenado a Corea del Norte y ha dicho que est\u00e1 dispuesto a destruirla por completo si persiste en su proyecto nuclear.\" \/>\n<meta property=\"og:url\" content=\"https:\/\/www.polycliniqueplus.com\/es\/blog\/trump-la-asamblea-general\/\" \/>\n<meta property=\"og:site_name\" content=\"Chirurgie esthetique Turquie : Prix interventions meilleures cliniques Istanbul\" \/>\n<meta property=\"article:publisher\" content=\"https:\/\/www.facebook.com\/polycliniqueplus\" \/>\n<meta property=\"article:published_time\" content=\"2017-09-20T06:28:01+00:00\" \/>\n<meta property=\"article:modified_time\" content=\"2023-01-06T14:37:17+00:00\" \/>\n<meta property=\"og:image\" content=\"https:\/\/www.polycliniqueplus.com\/wp-content\/uploads\/2017\/09\/Trump20172-2.jpg\" \/>\n\t<meta property=\"og:image:width\" content=\"1084\" \/>\n\t<meta property=\"og:image:height\" content=\"600\" \/>\n\t<meta property=\"og:image:type\" content=\"image\/jpeg\" \/>\n<meta name=\"author\" content=\"Mirna\" \/>\n<meta name=\"twitter:card\" content=\"summary_large_image\" \/>\n<meta name=\"twitter:creator\" content=\"@polyclinique1\" \/>\n<meta name=\"twitter:site\" content=\"@polyclinique1\" \/>\n<meta name=\"twitter:label1\" content=\"Escrito por\" \/>\n\t<meta name=\"twitter:data1\" content=\"Mirna\" \/>\n\t<meta name=\"twitter:label2\" content=\"Tiempo de lectura\" \/>\n\t<meta name=\"twitter:data2\" content=\"5 minutos\" \/>\n<script type=\"application\/ld+json\" class=\"yoast-schema-graph\">{\"@context\":\"https:\\\/\\\/schema.org\",\"@graph\":[{\"@type\":\"Article\",\"@id\":\"https:\\\/\\\/www.polycliniqueplus.com\\\/es\\\/blog\\\/trump-la-asamblea-general\\\/#article\",\"isPartOf\":{\"@id\":\"https:\\\/\\\/www.polycliniqueplus.com\\\/es\\\/blog\\\/trump-la-asamblea-general\\\/\"},\"author\":{\"name\":\"Mirna\",\"@id\":\"https:\\\/\\\/www.polycliniqueplus.com\\\/es\\\/#\\\/schema\\\/person\\\/0525a0bd10c537b179c46d27f9a7ddfe\"},\"headline\":\"Trump emplea un tono beligerante con Corea del Norte en su discurso ante la Asamblea General de la ONU.\",\"datePublished\":\"2017-09-20T06:28:01+00:00\",\"dateModified\":\"2023-01-06T14:37:17+00:00\",\"mainEntityOfPage\":{\"@id\":\"https:\\\/\\\/www.polycliniqueplus.com\\\/es\\\/blog\\\/trump-la-asamblea-general\\\/\"},\"wordCount\":705,\"publisher\":{\"@id\":\"https:\\\/\\\/www.polycliniqueplus.com\\\/es\\\/#organization\"},\"image\":{\"@id\":\"https:\\\/\\\/www.polycliniqueplus.com\\\/es\\\/blog\\\/trump-la-asamblea-general\\\/#primaryimage\"},\"thumbnailUrl\":\"https:\\\/\\\/www.polycliniqueplus.com\\\/wp-content\\\/uploads\\\/2017\\\/09\\\/Trump20172-2.jpg\",\"articleSection\":[\"noticias\"],\"inLanguage\":\"es\"},{\"@type\":\"WebPage\",\"@id\":\"https:\\\/\\\/www.polycliniqueplus.com\\\/es\\\/blog\\\/trump-la-asamblea-general\\\/\",\"url\":\"https:\\\/\\\/www.polycliniqueplus.com\\\/es\\\/blog\\\/trump-la-asamblea-general\\\/\",\"name\":\"Trump promete \\\"destruir por completo\\\" Corea del Norte.\",\"isPartOf\":{\"@id\":\"https:\\\/\\\/www.polycliniqueplus.com\\\/es\\\/#website\"},\"primaryImageOfPage\":{\"@id\":\"https:\\\/\\\/www.polycliniqueplus.com\\\/es\\\/blog\\\/trump-la-asamblea-general\\\/#primaryimage\"},\"image\":{\"@id\":\"https:\\\/\\\/www.polycliniqueplus.com\\\/es\\\/blog\\\/trump-la-asamblea-general\\\/#primaryimage\"},\"thumbnailUrl\":\"https:\\\/\\\/www.polycliniqueplus.com\\\/wp-content\\\/uploads\\\/2017\\\/09\\\/Trump20172-2.jpg\",\"datePublished\":\"2017-09-20T06:28:01+00:00\",\"dateModified\":\"2023-01-06T14:37:17+00:00\",\"description\":\"Donald Trump ha condenado a Corea del Norte y ha dicho que est\u00e1 dispuesto a destruirla por completo si persiste en su proyecto nuclear.\",\"breadcrumb\":{\"@id\":\"https:\\\/\\\/www.polycliniqueplus.com\\\/es\\\/blog\\\/trump-la-asamblea-general\\\/#breadcrumb\"},\"inLanguage\":\"es\",\"potentialAction\":[{\"@type\":\"ReadAction\",\"target\":[\"https:\\\/\\\/www.polycliniqueplus.com\\\/es\\\/blog\\\/trump-la-asamblea-general\\\/\"]}]},{\"@type\":\"ImageObject\",\"inLanguage\":\"es\",\"@id\":\"https:\\\/\\\/www.polycliniqueplus.com\\\/es\\\/blog\\\/trump-la-asamblea-general\\\/#primaryimage\",\"url\":\"https:\\\/\\\/www.polycliniqueplus.com\\\/wp-content\\\/uploads\\\/2017\\\/09\\\/Trump20172-2.jpg\",\"contentUrl\":\"https:\\\/\\\/www.polycliniqueplus.com\\\/wp-content\\\/uploads\\\/2017\\\/09\\\/Trump20172-2.jpg\",\"width\":1084,\"height\":600},{\"@type\":\"BreadcrumbList\",\"@id\":\"https:\\\/\\\/www.polycliniqueplus.com\\\/es\\\/blog\\\/trump-la-asamblea-general\\\/#breadcrumb\",\"itemListElement\":[{\"@type\":\"ListItem\",\"position\":1,\"name\":\"Accueil\",\"item\":\"https:\\\/\\\/www.polycliniqueplus.com\\\/es\\\/\"},{\"@type\":\"ListItem\",\"position\":2,\"name\":\"Trump emplea un tono beligerante con Corea del Norte en su discurso ante la Asamblea General de la ONU.\"}]},{\"@type\":\"WebSite\",\"@id\":\"https:\\\/\\\/www.polycliniqueplus.com\\\/es\\\/#website\",\"url\":\"https:\\\/\\\/www.polycliniqueplus.com\\\/es\\\/\",\"name\":\"Chirurgie esthetique Turquie : Prix interventions meilleures cliniques Istanbul\",\"description\":\"Chirurgie esthetique Turquie prix pas cher\",\"publisher\":{\"@id\":\"https:\\\/\\\/www.polycliniqueplus.com\\\/es\\\/#organization\"},\"potentialAction\":[{\"@type\":\"SearchAction\",\"target\":{\"@type\":\"EntryPoint\",\"urlTemplate\":\"https:\\\/\\\/www.polycliniqueplus.com\\\/es\\\/?s={search_term_string}\"},\"query-input\":{\"@type\":\"PropertyValueSpecification\",\"valueRequired\":true,\"valueName\":\"search_term_string\"}}],\"inLanguage\":\"es\"},{\"@type\":\"Organization\",\"@id\":\"https:\\\/\\\/www.polycliniqueplus.com\\\/es\\\/#organization\",\"name\":\"Polycliniqueplus chirurgie esthetique Turquie\",\"url\":\"https:\\\/\\\/www.polycliniqueplus.com\\\/es\\\/\",\"logo\":{\"@type\":\"ImageObject\",\"inLanguage\":\"es\",\"@id\":\"https:\\\/\\\/www.polycliniqueplus.com\\\/es\\\/#\\\/schema\\\/logo\\\/image\\\/\",\"url\":\"https:\\\/\\\/www.polycliniqueplus.com\\\/wp-content\\\/uploads\\\/2021\\\/03\\\/cropped-add-box-fill.png\",\"contentUrl\":\"https:\\\/\\\/www.polycliniqueplus.com\\\/wp-content\\\/uploads\\\/2021\\\/03\\\/cropped-add-box-fill.png\",\"width\":512,\"height\":512,\"caption\":\"Polycliniqueplus chirurgie esthetique Turquie\"},\"image\":{\"@id\":\"https:\\\/\\\/www.polycliniqueplus.com\\\/es\\\/#\\\/schema\\\/logo\\\/image\\\/\"},\"sameAs\":[\"https:\\\/\\\/www.facebook.com\\\/polycliniqueplus\",\"https:\\\/\\\/x.com\\\/polyclinique1\",\"https:\\\/\\\/www.youtube.com\\\/channel\\\/UCAnK3TORJqflIuYGFa-JQDw\"]},{\"@type\":\"Person\",\"@id\":\"https:\\\/\\\/www.polycliniqueplus.com\\\/es\\\/#\\\/schema\\\/person\\\/0525a0bd10c537b179c46d27f9a7ddfe\",\"name\":\"Mirna\",\"image\":{\"@type\":\"ImageObject\",\"inLanguage\":\"es\",\"@id\":\"https:\\\/\\\/secure.gravatar.com\\\/avatar\\\/a66d15ec76051205756db13372446db97237a4727517044f67012dd173d87cab?s=96&d=mm&r=g\",\"url\":\"https:\\\/\\\/secure.gravatar.com\\\/avatar\\\/a66d15ec76051205756db13372446db97237a4727517044f67012dd173d87cab?s=96&d=mm&r=g\",\"contentUrl\":\"https:\\\/\\\/secure.gravatar.com\\\/avatar\\\/a66d15ec76051205756db13372446db97237a4727517044f67012dd173d87cab?s=96&d=mm&r=g\",\"caption\":\"Mirna\"},\"url\":\"https:\\\/\\\/www.polycliniqueplus.com\\\/es\\\/blog\\\/author\\\/polyclin_pluscom\\\/\"}]}<\/script>\n<!-- \/ Yoast SEO plugin. -->","yoast_head_json":{"title":"Trump promete \"destruir por completo\" Corea del Norte.","description":"Donald Trump ha condenado a Corea del Norte y ha dicho que est\u00e1 dispuesto a destruirla por completo si persiste en su proyecto nuclear.","robots":{"index":"index","follow":"follow","max-snippet":"max-snippet:-1","max-image-preview":"max-image-preview:large","max-video-preview":"max-video-preview:-1"},"canonical":"https:\/\/www.polycliniqueplus.com\/es\/blog\/trump-la-asamblea-general\/","og_locale":"es_ES","og_type":"article","og_title":"Trump promete \"destruir por completo\" Corea del Norte.","og_description":"Donald Trump ha condenado a Corea del Norte y ha dicho que est\u00e1 dispuesto a destruirla por completo si persiste en su proyecto nuclear.","og_url":"https:\/\/www.polycliniqueplus.com\/es\/blog\/trump-la-asamblea-general\/","og_site_name":"Chirurgie esthetique Turquie : Prix interventions meilleures cliniques Istanbul","article_publisher":"https:\/\/www.facebook.com\/polycliniqueplus","article_published_time":"2017-09-20T06:28:01+00:00","article_modified_time":"2023-01-06T14:37:17+00:00","og_image":[{"width":1084,"height":600,"url":"https:\/\/www.polycliniqueplus.com\/wp-content\/uploads\/2017\/09\/Trump20172-2.jpg","type":"image\/jpeg"}],"author":"Mirna","twitter_card":"summary_large_image","twitter_creator":"@polyclinique1","twitter_site":"@polyclinique1","twitter_misc":{"Escrito por":"Mirna","Tiempo de lectura":"5 minutos"},"schema":{"@context":"https:\/\/schema.org","@graph":[{"@type":"Article","@id":"https:\/\/www.polycliniqueplus.com\/es\/blog\/trump-la-asamblea-general\/#article","isPartOf":{"@id":"https:\/\/www.polycliniqueplus.com\/es\/blog\/trump-la-asamblea-general\/"},"author":{"name":"Mirna","@id":"https:\/\/www.polycliniqueplus.com\/es\/#\/schema\/person\/0525a0bd10c537b179c46d27f9a7ddfe"},"headline":"Trump emplea un tono beligerante con Corea del Norte en su discurso ante la Asamblea General de la ONU.","datePublished":"2017-09-20T06:28:01+00:00","dateModified":"2023-01-06T14:37:17+00:00","mainEntityOfPage":{"@id":"https:\/\/www.polycliniqueplus.com\/es\/blog\/trump-la-asamblea-general\/"},"wordCount":705,"publisher":{"@id":"https:\/\/www.polycliniqueplus.com\/es\/#organization"},"image":{"@id":"https:\/\/www.polycliniqueplus.com\/es\/blog\/trump-la-asamblea-general\/#primaryimage"},"thumbnailUrl":"https:\/\/www.polycliniqueplus.com\/wp-content\/uploads\/2017\/09\/Trump20172-2.jpg","articleSection":["noticias"],"inLanguage":"es"},{"@type":"WebPage","@id":"https:\/\/www.polycliniqueplus.com\/es\/blog\/trump-la-asamblea-general\/","url":"https:\/\/www.polycliniqueplus.com\/es\/blog\/trump-la-asamblea-general\/","name":"Trump promete \"destruir por completo\" Corea del Norte.","isPartOf":{"@id":"https:\/\/www.polycliniqueplus.com\/es\/#website"},"primaryImageOfPage":{"@id":"https:\/\/www.polycliniqueplus.com\/es\/blog\/trump-la-asamblea-general\/#primaryimage"},"image":{"@id":"https:\/\/www.polycliniqueplus.com\/es\/blog\/trump-la-asamblea-general\/#primaryimage"},"thumbnailUrl":"https:\/\/www.polycliniqueplus.com\/wp-content\/uploads\/2017\/09\/Trump20172-2.jpg","datePublished":"2017-09-20T06:28:01+00:00","dateModified":"2023-01-06T14:37:17+00:00","description":"Donald Trump ha condenado a Corea del Norte y ha dicho que est\u00e1 dispuesto a destruirla por completo si persiste en su proyecto nuclear.","breadcrumb":{"@id":"https:\/\/www.polycliniqueplus.com\/es\/blog\/trump-la-asamblea-general\/#breadcrumb"},"inLanguage":"es","potentialAction":[{"@type":"ReadAction","target":["https:\/\/www.polycliniqueplus.com\/es\/blog\/trump-la-asamblea-general\/"]}]},{"@type":"ImageObject","inLanguage":"es","@id":"https:\/\/www.polycliniqueplus.com\/es\/blog\/trump-la-asamblea-general\/#primaryimage","url":"https:\/\/www.polycliniqueplus.com\/wp-content\/uploads\/2017\/09\/Trump20172-2.jpg","contentUrl":"https:\/\/www.polycliniqueplus.com\/wp-content\/uploads\/2017\/09\/Trump20172-2.jpg","width":1084,"height":600},{"@type":"BreadcrumbList","@id":"https:\/\/www.polycliniqueplus.com\/es\/blog\/trump-la-asamblea-general\/#breadcrumb","itemListElement":[{"@type":"ListItem","position":1,"name":"Accueil","item":"https:\/\/www.polycliniqueplus.com\/es\/"},{"@type":"ListItem","position":2,"name":"Trump emplea un tono beligerante con Corea del Norte en su discurso ante la Asamblea General de la ONU."}]},{"@type":"WebSite","@id":"https:\/\/www.polycliniqueplus.com\/es\/#website","url":"https:\/\/www.polycliniqueplus.com\/es\/","name":"Chirurgie esthetique Turquie : Prix interventions meilleures cliniques Istanbul","description":"Chirurgie esthetique Turquie prix pas cher","publisher":{"@id":"https:\/\/www.polycliniqueplus.com\/es\/#organization"},"potentialAction":[{"@type":"SearchAction","target":{"@type":"EntryPoint","urlTemplate":"https:\/\/www.polycliniqueplus.com\/es\/?s={search_term_string}"},"query-input":{"@type":"PropertyValueSpecification","valueRequired":true,"valueName":"search_term_string"}}],"inLanguage":"es"},{"@type":"Organization","@id":"https:\/\/www.polycliniqueplus.com\/es\/#organization","name":"Polycliniqueplus chirurgie esthetique Turquie","url":"https:\/\/www.polycliniqueplus.com\/es\/","logo":{"@type":"ImageObject","inLanguage":"es","@id":"https:\/\/www.polycliniqueplus.com\/es\/#\/schema\/logo\/image\/","url":"https:\/\/www.polycliniqueplus.com\/wp-content\/uploads\/2021\/03\/cropped-add-box-fill.png","contentUrl":"https:\/\/www.polycliniqueplus.com\/wp-content\/uploads\/2021\/03\/cropped-add-box-fill.png","width":512,"height":512,"caption":"Polycliniqueplus chirurgie esthetique Turquie"},"image":{"@id":"https:\/\/www.polycliniqueplus.com\/es\/#\/schema\/logo\/image\/"},"sameAs":["https:\/\/www.facebook.com\/polycliniqueplus","https:\/\/x.com\/polyclinique1","https:\/\/www.youtube.com\/channel\/UCAnK3TORJqflIuYGFa-JQDw"]},{"@type":"Person","@id":"https:\/\/www.polycliniqueplus.com\/es\/#\/schema\/person\/0525a0bd10c537b179c46d27f9a7ddfe","name":"Mirna","image":{"@type":"ImageObject","inLanguage":"es","@id":"https:\/\/secure.gravatar.com\/avatar\/a66d15ec76051205756db13372446db97237a4727517044f67012dd173d87cab?s=96&d=mm&r=g","url":"https:\/\/secure.gravatar.com\/avatar\/a66d15ec76051205756db13372446db97237a4727517044f67012dd173d87cab?s=96&d=mm&r=g","contentUrl":"https:\/\/secure.gravatar.com\/avatar\/a66d15ec76051205756db13372446db97237a4727517044f67012dd173d87cab?s=96&d=mm&r=g","caption":"Mirna"},"url":"https:\/\/www.polycliniqueplus.com\/es\/blog\/author\/polyclin_pluscom\/"}]}},"_links":{"self":[{"href":"https:\/\/www.polycliniqueplus.com\/es\/wp-json\/wp\/v2\/posts\/11916","targetHints":{"allow":["GET"]}}],"collection":[{"href":"https:\/\/www.polycliniqueplus.com\/es\/wp-json\/wp\/v2\/posts"}],"about":[{"href":"https:\/\/www.polycliniqueplus.com\/es\/wp-json\/wp\/v2\/types\/post"}],"author":[{"embeddable":true,"href":"https:\/\/www.polycliniqueplus.com\/es\/wp-json\/wp\/v2\/users\/1"}],"replies":[{"embeddable":true,"href":"https:\/\/www.polycliniqueplus.com\/es\/wp-json\/wp\/v2\/comments?post=11916"}],"version-history":[{"count":2,"href":"https:\/\/www.polycliniqueplus.com\/es\/wp-json\/wp\/v2\/posts\/11916\/revisions"}],"predecessor-version":[{"id":11920,"href":"https:\/\/www.polycliniqueplus.com\/es\/wp-json\/wp\/v2\/posts\/11916\/revisions\/11920"}],"wp:featuredmedia":[{"embeddable":true,"href":"https:\/\/www.polycliniqueplus.com\/es\/wp-json\/wp\/v2\/media\/11917"}],"wp:attachment":[{"href":"https:\/\/www.polycliniqueplus.com\/es\/wp-json\/wp\/v2\/media?parent=11916"}],"wp:term":[{"taxonomy":"category","embeddable":true,"href":"https:\/\/www.polycliniqueplus.com\/es\/wp-json\/wp\/v2\/categories?post=11916"},{"taxonomy":"post_tag","embeddable":true,"href":"https:\/\/www.polycliniqueplus.com\/es\/wp-json\/wp\/v2\/tags?post=11916"}],"curies":[{"name":"wp","href":"https:\/\/api.w.org\/{rel}","templated":true}]}}