{"id":11864,"date":"2017-04-12T07:38:27","date_gmt":"2017-04-12T05:38:27","guid":{"rendered":"https:\/\/www.polycliniqueplus.com\/blog\/cuidado-de-la-piel-seca-masculina\/"},"modified":"2023-01-06T14:33:58","modified_gmt":"2023-01-06T13:33:58","slug":"cuidado-de-la-piel-seca-masculina","status":"publish","type":"post","link":"https:\/\/www.polycliniqueplus.com\/es\/blog\/cuidado-de-la-piel-seca-masculina\/","title":{"rendered":"Cuidado de la piel seca masculina"},"content":{"rendered":"<h2>La evoluci\u00f3n<\/h2>\n<p> <strong>el cuidado de la belleza<\/strong> siempre ha sido un tema delicado. El hombre a lo largo del tiempo, s\u00f3lo quer\u00eda <strong>cuidar su piel<\/strong> debido a su cultura y educaci\u00f3n, un hombre ten\u00eda que ser macho y orgulloso. En el pasado reciente, un hombre que cuidaba su aspecto pod\u00eda ser percibido como afeminado o simplemente \u00abpoco masculino\u00bb. La buena noticia es que los tiempos han cambiado y hoy en d\u00eda una gran mayor\u00eda de hombres cuida su piel o al menos <strong>mantiene su piel seca<\/strong>.<\/p>\n<p>En el caso de los hombres, la sequedad de la piel de la cara o el afeitado producen un efecto acartonado. Las caracter\u00edsticas de la piel seca son un tono p\u00e1lido e incluso puede pelarse. Las manos y los codos pueden estar \u00e1speros y tener zonas secas. Una piel enferma hace que un hombre parezca mucho mayor de lo que realmente es.<\/p>\n<h2> Zonas afectadas<\/h2>\n<p> La principal Parte donde los hombres sufren m\u00e1s de la piel seca y las manos los pies y la cara. Cuando hace fr\u00edo, los hombres sufren sequedad cut\u00e1nea debido a la falta de humedad en el aire. Tambi\u00e9n pueden padecerla algunos hombres que utilizan detergentes en el trabajo o en casa.<\/p>\n<p>Debe utilizar un detergente suave que no contenga alcohol. El alcohol elimina la grasa natural del rostro, lo que provoca sequedad cut\u00e1nea. Evite ponerse agua caliente en la cara. Aunque sientas la piel seca, el agua no tiene poder humectante ni aporta hidrataci\u00f3n y, de hecho, puede empeorar la situaci\u00f3n al eliminar los agentes hidratantes y la grasa. <\/p>\n<h2>Afeitado<\/h2>\n<p> El afeitado irrita mucho la piel, utiliza un producto hidratante para <a href=\"https:\/\/www.polycliniqueplus.com\/medecine-esthetique-turquie\/\"><strong>combatir la piel seca<\/strong><\/a>. Apl\u00edcate una ligera capa de crema de afeitar en la cara para proteger la piel. Para un afeitado el\u00e9ctrico no utilice la abertura m\u00e1s cercana. Evita los productos para despu\u00e9s del afeitado que contengan alcohol para no resecar a\u00fan m\u00e1s tu piel.<\/p>\n<p>Comienza una rutina diaria de hidrataci\u00f3n de la piel. La piel puede da\u00f1arse con facilidad y los productos hidratantes la proteger\u00e1n de la sequedad. Con el tiempo, esta rutina har\u00e1 que tu piel sea m\u00e1s flexible y suave. Aplicar una crema hidratante en el rostro por la ma\u00f1ana y por la noche. Para ayudar a hidratar todo el cuerpo, apl\u00edcate una crema hidratante despu\u00e9s de la ducha, pero evita las cremas que contengan alcohol.<\/p>\n","protected":false},"excerpt":{"rendered":"<p>La evoluci\u00f3n el cuidado de la belleza siempre ha sido un tema delicado. El hombre a lo largo del tiempo, s\u00f3lo quer\u00eda cuidar su piel debido a su cultura y educaci\u00f3n, un hombre ten\u00eda que ser macho y orgulloso. En el pasado reciente, un hombre que cuidaba su aspecto pod\u00eda ser percibido como afeminado o [&hellip;]<\/p>\n","protected":false},"author":1,"featured_media":11865,"comment_status":"closed","ping_status":"open","sticky":false,"template":"","format":"standard","meta":{"footnotes":""},"categories":[177],"tags":[],"class_list":["post-11864","post","type-post","status-publish","format-standard","has-post-thumbnail","hentry","category-bienestar"],"yoast_head":"<!-- This site is optimized with the Yoast SEO plugin v27.3 - https:\/\/yoast.com\/product\/yoast-seo-wordpress\/ -->\n<title>Cuidados de la piel seca en el hombre : Piel seca en la cara<\/title>\n<meta name=\"description\" content=\"El hombre a trav\u00e9s del tiempo, no quer\u00eda cuidar su piel debido a su cultura y educaci\u00f3n, un hombre ten\u00eda que ser machista y orgulloso.\" \/>\n<meta name=\"robots\" content=\"index, follow, max-snippet:-1, max-image-preview:large, max-video-preview:-1\" \/>\n<link rel=\"canonical\" href=\"https:\/\/www.polycliniqueplus.com\/es\/blog\/cuidado-de-la-piel-seca-masculina\/\" \/>\n<meta property=\"og:locale\" content=\"es_ES\" \/>\n<meta property=\"og:type\" content=\"article\" \/>\n<meta property=\"og:title\" content=\"Cuidados de la piel seca en el hombre : Piel seca en el rostro\" \/>\n<meta property=\"og:description\" content=\"El hombre a trav\u00e9s del tiempo, no quer\u00eda cuidar su piel debido a su cultura y educaci\u00f3n, un hombre ten\u00eda que ser machista y orgulloso.\" \/>\n<meta property=\"og:url\" content=\"https:\/\/www.polycliniqueplus.com\/es\/blog\/cuidado-de-la-piel-seca-masculina\/\" \/>\n<meta property=\"og:site_name\" content=\"Chirurgie esthetique Turquie : Prix interventions meilleures cliniques Istanbul\" \/>\n<meta property=\"article:publisher\" content=\"https:\/\/www.facebook.com\/polycliniqueplus\" \/>\n<meta property=\"article:published_time\" content=\"2017-04-12T05:38:27+00:00\" \/>\n<meta property=\"article:modified_time\" content=\"2023-01-06T13:33:58+00:00\" \/>\n<meta property=\"og:image\" content=\"https:\/\/www.polycliniqueplus.com\/wp-content\/uploads\/2017\/04\/Soin-de-la-peau-s\u00e8ches-chez-l\u2019homme.jpg\" \/>\n<meta name=\"author\" content=\"Mirna\" \/>\n<meta name=\"twitter:card\" content=\"summary_large_image\" \/>\n<meta name=\"twitter:title\" content=\"Cuidados de la piel seca en el hombre : Piel seca en el rostro\" \/>\n<meta name=\"twitter:description\" content=\"El hombre a trav\u00e9s del tiempo, no quer\u00eda cuidar su piel debido a su cultura y educaci\u00f3n, un hombre ten\u00eda que ser machista y orgulloso.\" \/>\n<meta name=\"twitter:image\" content=\"https:\/\/www.polycliniqueplus.com\/wp-content\/uploads\/2017\/04\/Soin-de-la-peau-s\u00e8ches-chez-l\u2019homme.jpg\" \/>\n<meta name=\"twitter:creator\" content=\"@polyclinique1\" \/>\n<meta name=\"twitter:site\" content=\"@polyclinique1\" \/>\n<meta name=\"twitter:label1\" content=\"Escrito por\" \/>\n\t<meta name=\"twitter:data1\" content=\"Mirna\" \/>\n\t<meta name=\"twitter:label2\" content=\"Tiempo de lectura\" \/>\n\t<meta name=\"twitter:data2\" content=\"3 minutos\" \/>\n<script type=\"application\/ld+json\" class=\"yoast-schema-graph\">{\"@context\":\"https:\\\/\\\/schema.org\",\"@graph\":[{\"@type\":\"Article\",\"@id\":\"https:\\\/\\\/www.polycliniqueplus.com\\\/es\\\/blog\\\/cuidado-de-la-piel-seca-masculina\\\/#article\",\"isPartOf\":{\"@id\":\"https:\\\/\\\/www.polycliniqueplus.com\\\/es\\\/blog\\\/cuidado-de-la-piel-seca-masculina\\\/\"},\"author\":{\"name\":\"Mirna\",\"@id\":\"https:\\\/\\\/www.polycliniqueplus.com\\\/es\\\/#\\\/schema\\\/person\\\/0525a0bd10c537b179c46d27f9a7ddfe\"},\"headline\":\"Cuidado de la piel seca masculina\",\"datePublished\":\"2017-04-12T05:38:27+00:00\",\"dateModified\":\"2023-01-06T13:33:58+00:00\",\"mainEntityOfPage\":{\"@id\":\"https:\\\/\\\/www.polycliniqueplus.com\\\/es\\\/blog\\\/cuidado-de-la-piel-seca-masculina\\\/\"},\"wordCount\":427,\"publisher\":{\"@id\":\"https:\\\/\\\/www.polycliniqueplus.com\\\/es\\\/#organization\"},\"image\":{\"@id\":\"https:\\\/\\\/www.polycliniqueplus.com\\\/es\\\/blog\\\/cuidado-de-la-piel-seca-masculina\\\/#primaryimage\"},\"thumbnailUrl\":\"https:\\\/\\\/www.polycliniqueplus.com\\\/wp-content\\\/uploads\\\/2017\\\/04\\\/Soin-de-la-peau-seches-chez-lhomme-1.jpg\",\"articleSection\":[\"Bienestar\"],\"inLanguage\":\"es\"},{\"@type\":\"WebPage\",\"@id\":\"https:\\\/\\\/www.polycliniqueplus.com\\\/es\\\/blog\\\/cuidado-de-la-piel-seca-masculina\\\/\",\"url\":\"https:\\\/\\\/www.polycliniqueplus.com\\\/es\\\/blog\\\/cuidado-de-la-piel-seca-masculina\\\/\",\"name\":\"Cuidados de la piel seca en el hombre : Piel seca en la cara\",\"isPartOf\":{\"@id\":\"https:\\\/\\\/www.polycliniqueplus.com\\\/es\\\/#website\"},\"primaryImageOfPage\":{\"@id\":\"https:\\\/\\\/www.polycliniqueplus.com\\\/es\\\/blog\\\/cuidado-de-la-piel-seca-masculina\\\/#primaryimage\"},\"image\":{\"@id\":\"https:\\\/\\\/www.polycliniqueplus.com\\\/es\\\/blog\\\/cuidado-de-la-piel-seca-masculina\\\/#primaryimage\"},\"thumbnailUrl\":\"https:\\\/\\\/www.polycliniqueplus.com\\\/wp-content\\\/uploads\\\/2017\\\/04\\\/Soin-de-la-peau-seches-chez-lhomme-1.jpg\",\"datePublished\":\"2017-04-12T05:38:27+00:00\",\"dateModified\":\"2023-01-06T13:33:58+00:00\",\"description\":\"El hombre a trav\u00e9s del tiempo, no quer\u00eda cuidar su piel debido a su cultura y educaci\u00f3n, un hombre ten\u00eda que ser machista y orgulloso.\",\"breadcrumb\":{\"@id\":\"https:\\\/\\\/www.polycliniqueplus.com\\\/es\\\/blog\\\/cuidado-de-la-piel-seca-masculina\\\/#breadcrumb\"},\"inLanguage\":\"es\",\"potentialAction\":[{\"@type\":\"ReadAction\",\"target\":[\"https:\\\/\\\/www.polycliniqueplus.com\\\/es\\\/blog\\\/cuidado-de-la-piel-seca-masculina\\\/\"]}]},{\"@type\":\"ImageObject\",\"inLanguage\":\"es\",\"@id\":\"https:\\\/\\\/www.polycliniqueplus.com\\\/es\\\/blog\\\/cuidado-de-la-piel-seca-masculina\\\/#primaryimage\",\"url\":\"https:\\\/\\\/www.polycliniqueplus.com\\\/wp-content\\\/uploads\\\/2017\\\/04\\\/Soin-de-la-peau-seches-chez-lhomme-1.jpg\",\"contentUrl\":\"https:\\\/\\\/www.polycliniqueplus.com\\\/wp-content\\\/uploads\\\/2017\\\/04\\\/Soin-de-la-peau-seches-chez-lhomme-1.jpg\",\"width\":813,\"height\":463},{\"@type\":\"BreadcrumbList\",\"@id\":\"https:\\\/\\\/www.polycliniqueplus.com\\\/es\\\/blog\\\/cuidado-de-la-piel-seca-masculina\\\/#breadcrumb\",\"itemListElement\":[{\"@type\":\"ListItem\",\"position\":1,\"name\":\"Accueil\",\"item\":\"https:\\\/\\\/www.polycliniqueplus.com\\\/es\\\/\"},{\"@type\":\"ListItem\",\"position\":2,\"name\":\"Cuidado de la piel seca masculina\"}]},{\"@type\":\"WebSite\",\"@id\":\"https:\\\/\\\/www.polycliniqueplus.com\\\/es\\\/#website\",\"url\":\"https:\\\/\\\/www.polycliniqueplus.com\\\/es\\\/\",\"name\":\"Chirurgie esthetique Turquie : Prix interventions meilleures cliniques Istanbul\",\"description\":\"Chirurgie esthetique Turquie prix pas cher\",\"publisher\":{\"@id\":\"https:\\\/\\\/www.polycliniqueplus.com\\\/es\\\/#organization\"},\"potentialAction\":[{\"@type\":\"SearchAction\",\"target\":{\"@type\":\"EntryPoint\",\"urlTemplate\":\"https:\\\/\\\/www.polycliniqueplus.com\\\/es\\\/?s={search_term_string}\"},\"query-input\":{\"@type\":\"PropertyValueSpecification\",\"valueRequired\":true,\"valueName\":\"search_term_string\"}}],\"inLanguage\":\"es\"},{\"@type\":\"Organization\",\"@id\":\"https:\\\/\\\/www.polycliniqueplus.com\\\/es\\\/#organization\",\"name\":\"Polycliniqueplus chirurgie esthetique Turquie\",\"url\":\"https:\\\/\\\/www.polycliniqueplus.com\\\/es\\\/\",\"logo\":{\"@type\":\"ImageObject\",\"inLanguage\":\"es\",\"@id\":\"https:\\\/\\\/www.polycliniqueplus.com\\\/es\\\/#\\\/schema\\\/logo\\\/image\\\/\",\"url\":\"https:\\\/\\\/www.polycliniqueplus.com\\\/wp-content\\\/uploads\\\/2021\\\/03\\\/cropped-add-box-fill.png\",\"contentUrl\":\"https:\\\/\\\/www.polycliniqueplus.com\\\/wp-content\\\/uploads\\\/2021\\\/03\\\/cropped-add-box-fill.png\",\"width\":512,\"height\":512,\"caption\":\"Polycliniqueplus chirurgie esthetique Turquie\"},\"image\":{\"@id\":\"https:\\\/\\\/www.polycliniqueplus.com\\\/es\\\/#\\\/schema\\\/logo\\\/image\\\/\"},\"sameAs\":[\"https:\\\/\\\/www.facebook.com\\\/polycliniqueplus\",\"https:\\\/\\\/x.com\\\/polyclinique1\",\"https:\\\/\\\/www.youtube.com\\\/channel\\\/UCAnK3TORJqflIuYGFa-JQDw\"]},{\"@type\":\"Person\",\"@id\":\"https:\\\/\\\/www.polycliniqueplus.com\\\/es\\\/#\\\/schema\\\/person\\\/0525a0bd10c537b179c46d27f9a7ddfe\",\"name\":\"Mirna\",\"image\":{\"@type\":\"ImageObject\",\"inLanguage\":\"es\",\"@id\":\"https:\\\/\\\/secure.gravatar.com\\\/avatar\\\/a66d15ec76051205756db13372446db97237a4727517044f67012dd173d87cab?s=96&d=mm&r=g\",\"url\":\"https:\\\/\\\/secure.gravatar.com\\\/avatar\\\/a66d15ec76051205756db13372446db97237a4727517044f67012dd173d87cab?s=96&d=mm&r=g\",\"contentUrl\":\"https:\\\/\\\/secure.gravatar.com\\\/avatar\\\/a66d15ec76051205756db13372446db97237a4727517044f67012dd173d87cab?s=96&d=mm&r=g\",\"caption\":\"Mirna\"},\"url\":\"https:\\\/\\\/www.polycliniqueplus.com\\\/es\\\/blog\\\/author\\\/polyclin_pluscom\\\/\"}]}<\/script>\n<!-- \/ Yoast SEO plugin. -->","yoast_head_json":{"title":"Cuidados de la piel seca en el hombre : Piel seca en la cara","description":"El hombre a trav\u00e9s del tiempo, no quer\u00eda cuidar su piel debido a su cultura y educaci\u00f3n, un hombre ten\u00eda que ser machista y orgulloso.","robots":{"index":"index","follow":"follow","max-snippet":"max-snippet:-1","max-image-preview":"max-image-preview:large","max-video-preview":"max-video-preview:-1"},"canonical":"https:\/\/www.polycliniqueplus.com\/es\/blog\/cuidado-de-la-piel-seca-masculina\/","og_locale":"es_ES","og_type":"article","og_title":"Cuidados de la piel seca en el hombre : Piel seca en el rostro","og_description":"El hombre a trav\u00e9s del tiempo, no quer\u00eda cuidar su piel debido a su cultura y educaci\u00f3n, un hombre ten\u00eda que ser machista y orgulloso.","og_url":"https:\/\/www.polycliniqueplus.com\/es\/blog\/cuidado-de-la-piel-seca-masculina\/","og_site_name":"Chirurgie esthetique Turquie : Prix interventions meilleures cliniques Istanbul","article_publisher":"https:\/\/www.facebook.com\/polycliniqueplus","article_published_time":"2017-04-12T05:38:27+00:00","article_modified_time":"2023-01-06T13:33:58+00:00","og_image":[{"url":"https:\/\/www.polycliniqueplus.com\/wp-content\/uploads\/2017\/04\/Soin-de-la-peau-s\u00e8ches-chez-l\u2019homme.jpg","type":"","width":"","height":""}],"author":"Mirna","twitter_card":"summary_large_image","twitter_title":"Cuidados de la piel seca en el hombre : Piel seca en el rostro","twitter_description":"El hombre a trav\u00e9s del tiempo, no quer\u00eda cuidar su piel debido a su cultura y educaci\u00f3n, un hombre ten\u00eda que ser machista y orgulloso.","twitter_image":"https:\/\/www.polycliniqueplus.com\/wp-content\/uploads\/2017\/04\/Soin-de-la-peau-s\u00e8ches-chez-l\u2019homme.jpg","twitter_creator":"@polyclinique1","twitter_site":"@polyclinique1","twitter_misc":{"Escrito por":"Mirna","Tiempo de lectura":"3 minutos"},"schema":{"@context":"https:\/\/schema.org","@graph":[{"@type":"Article","@id":"https:\/\/www.polycliniqueplus.com\/es\/blog\/cuidado-de-la-piel-seca-masculina\/#article","isPartOf":{"@id":"https:\/\/www.polycliniqueplus.com\/es\/blog\/cuidado-de-la-piel-seca-masculina\/"},"author":{"name":"Mirna","@id":"https:\/\/www.polycliniqueplus.com\/es\/#\/schema\/person\/0525a0bd10c537b179c46d27f9a7ddfe"},"headline":"Cuidado de la piel seca masculina","datePublished":"2017-04-12T05:38:27+00:00","dateModified":"2023-01-06T13:33:58+00:00","mainEntityOfPage":{"@id":"https:\/\/www.polycliniqueplus.com\/es\/blog\/cuidado-de-la-piel-seca-masculina\/"},"wordCount":427,"publisher":{"@id":"https:\/\/www.polycliniqueplus.com\/es\/#organization"},"image":{"@id":"https:\/\/www.polycliniqueplus.com\/es\/blog\/cuidado-de-la-piel-seca-masculina\/#primaryimage"},"thumbnailUrl":"https:\/\/www.polycliniqueplus.com\/wp-content\/uploads\/2017\/04\/Soin-de-la-peau-seches-chez-lhomme-1.jpg","articleSection":["Bienestar"],"inLanguage":"es"},{"@type":"WebPage","@id":"https:\/\/www.polycliniqueplus.com\/es\/blog\/cuidado-de-la-piel-seca-masculina\/","url":"https:\/\/www.polycliniqueplus.com\/es\/blog\/cuidado-de-la-piel-seca-masculina\/","name":"Cuidados de la piel seca en el hombre : Piel seca en la cara","isPartOf":{"@id":"https:\/\/www.polycliniqueplus.com\/es\/#website"},"primaryImageOfPage":{"@id":"https:\/\/www.polycliniqueplus.com\/es\/blog\/cuidado-de-la-piel-seca-masculina\/#primaryimage"},"image":{"@id":"https:\/\/www.polycliniqueplus.com\/es\/blog\/cuidado-de-la-piel-seca-masculina\/#primaryimage"},"thumbnailUrl":"https:\/\/www.polycliniqueplus.com\/wp-content\/uploads\/2017\/04\/Soin-de-la-peau-seches-chez-lhomme-1.jpg","datePublished":"2017-04-12T05:38:27+00:00","dateModified":"2023-01-06T13:33:58+00:00","description":"El hombre a trav\u00e9s del tiempo, no quer\u00eda cuidar su piel debido a su cultura y educaci\u00f3n, un hombre ten\u00eda que ser machista y orgulloso.","breadcrumb":{"@id":"https:\/\/www.polycliniqueplus.com\/es\/blog\/cuidado-de-la-piel-seca-masculina\/#breadcrumb"},"inLanguage":"es","potentialAction":[{"@type":"ReadAction","target":["https:\/\/www.polycliniqueplus.com\/es\/blog\/cuidado-de-la-piel-seca-masculina\/"]}]},{"@type":"ImageObject","inLanguage":"es","@id":"https:\/\/www.polycliniqueplus.com\/es\/blog\/cuidado-de-la-piel-seca-masculina\/#primaryimage","url":"https:\/\/www.polycliniqueplus.com\/wp-content\/uploads\/2017\/04\/Soin-de-la-peau-seches-chez-lhomme-1.jpg","contentUrl":"https:\/\/www.polycliniqueplus.com\/wp-content\/uploads\/2017\/04\/Soin-de-la-peau-seches-chez-lhomme-1.jpg","width":813,"height":463},{"@type":"BreadcrumbList","@id":"https:\/\/www.polycliniqueplus.com\/es\/blog\/cuidado-de-la-piel-seca-masculina\/#breadcrumb","itemListElement":[{"@type":"ListItem","position":1,"name":"Accueil","item":"https:\/\/www.polycliniqueplus.com\/es\/"},{"@type":"ListItem","position":2,"name":"Cuidado de la piel seca masculina"}]},{"@type":"WebSite","@id":"https:\/\/www.polycliniqueplus.com\/es\/#website","url":"https:\/\/www.polycliniqueplus.com\/es\/","name":"Chirurgie esthetique Turquie : Prix interventions meilleures cliniques Istanbul","description":"Chirurgie esthetique Turquie prix pas cher","publisher":{"@id":"https:\/\/www.polycliniqueplus.com\/es\/#organization"},"potentialAction":[{"@type":"SearchAction","target":{"@type":"EntryPoint","urlTemplate":"https:\/\/www.polycliniqueplus.com\/es\/?s={search_term_string}"},"query-input":{"@type":"PropertyValueSpecification","valueRequired":true,"valueName":"search_term_string"}}],"inLanguage":"es"},{"@type":"Organization","@id":"https:\/\/www.polycliniqueplus.com\/es\/#organization","name":"Polycliniqueplus chirurgie esthetique Turquie","url":"https:\/\/www.polycliniqueplus.com\/es\/","logo":{"@type":"ImageObject","inLanguage":"es","@id":"https:\/\/www.polycliniqueplus.com\/es\/#\/schema\/logo\/image\/","url":"https:\/\/www.polycliniqueplus.com\/wp-content\/uploads\/2021\/03\/cropped-add-box-fill.png","contentUrl":"https:\/\/www.polycliniqueplus.com\/wp-content\/uploads\/2021\/03\/cropped-add-box-fill.png","width":512,"height":512,"caption":"Polycliniqueplus chirurgie esthetique Turquie"},"image":{"@id":"https:\/\/www.polycliniqueplus.com\/es\/#\/schema\/logo\/image\/"},"sameAs":["https:\/\/www.facebook.com\/polycliniqueplus","https:\/\/x.com\/polyclinique1","https:\/\/www.youtube.com\/channel\/UCAnK3TORJqflIuYGFa-JQDw"]},{"@type":"Person","@id":"https:\/\/www.polycliniqueplus.com\/es\/#\/schema\/person\/0525a0bd10c537b179c46d27f9a7ddfe","name":"Mirna","image":{"@type":"ImageObject","inLanguage":"es","@id":"https:\/\/secure.gravatar.com\/avatar\/a66d15ec76051205756db13372446db97237a4727517044f67012dd173d87cab?s=96&d=mm&r=g","url":"https:\/\/secure.gravatar.com\/avatar\/a66d15ec76051205756db13372446db97237a4727517044f67012dd173d87cab?s=96&d=mm&r=g","contentUrl":"https:\/\/secure.gravatar.com\/avatar\/a66d15ec76051205756db13372446db97237a4727517044f67012dd173d87cab?s=96&d=mm&r=g","caption":"Mirna"},"url":"https:\/\/www.polycliniqueplus.com\/es\/blog\/author\/polyclin_pluscom\/"}]}},"_links":{"self":[{"href":"https:\/\/www.polycliniqueplus.com\/es\/wp-json\/wp\/v2\/posts\/11864","targetHints":{"allow":["GET"]}}],"collection":[{"href":"https:\/\/www.polycliniqueplus.com\/es\/wp-json\/wp\/v2\/posts"}],"about":[{"href":"https:\/\/www.polycliniqueplus.com\/es\/wp-json\/wp\/v2\/types\/post"}],"author":[{"embeddable":true,"href":"https:\/\/www.polycliniqueplus.com\/es\/wp-json\/wp\/v2\/users\/1"}],"replies":[{"embeddable":true,"href":"https:\/\/www.polycliniqueplus.com\/es\/wp-json\/wp\/v2\/comments?post=11864"}],"version-history":[{"count":1,"href":"https:\/\/www.polycliniqueplus.com\/es\/wp-json\/wp\/v2\/posts\/11864\/revisions"}],"predecessor-version":[{"id":11867,"href":"https:\/\/www.polycliniqueplus.com\/es\/wp-json\/wp\/v2\/posts\/11864\/revisions\/11867"}],"wp:featuredmedia":[{"embeddable":true,"href":"https:\/\/www.polycliniqueplus.com\/es\/wp-json\/wp\/v2\/media\/11865"}],"wp:attachment":[{"href":"https:\/\/www.polycliniqueplus.com\/es\/wp-json\/wp\/v2\/media?parent=11864"}],"wp:term":[{"taxonomy":"category","embeddable":true,"href":"https:\/\/www.polycliniqueplus.com\/es\/wp-json\/wp\/v2\/categories?post=11864"},{"taxonomy":"post_tag","embeddable":true,"href":"https:\/\/www.polycliniqueplus.com\/es\/wp-json\/wp\/v2\/tags?post=11864"}],"curies":[{"name":"wp","href":"https:\/\/api.w.org\/{rel}","templated":true}]}}