{"id":15371,"date":"2020-07-15T11:37:16","date_gmt":"2020-07-15T09:37:16","guid":{"rendered":"https:\/\/www.polycliniqueplus.com\/blog\/straffung-und-festigung-der-gesichts-und-koerperhaut\/"},"modified":"2020-07-15T11:37:16","modified_gmt":"2020-07-15T09:37:16","slug":"straffung-und-festigung-der-gesichts-und-koerperhaut","status":"publish","type":"post","link":"https:\/\/www.polycliniqueplus.com\/de\/blog\/straffung-und-festigung-der-gesichts-und-koerperhaut\/","title":{"rendered":"Straffung und Festigung der Gesichts- und K\u00f6rperhaut"},"content":{"rendered":"<p>Mithilfe einer <strong>nicht-chirurgischen<\/strong> Hautstraffung oder eines <strong>Liftings<\/strong> k\u00f6nnen <strong>Sch\u00f6nheitsmediziner<\/strong> m\u00e4\u00dfig erschlaffte Haut im Gesicht, am Hals und am K\u00f6rper wirksam straffen, was den Patienten hilft, ihr Aussehen zu verbessern und die Notwendigkeit eines chirurgischen Eingriffs hinauszuz\u00f6gern.<\/p>\n<p>Mit zunehmendem Alter verlangsamt sich die Produktion von Kollagen und Elastin &#8211; zwei Proteine, die unserer Haut dabei helfen, straff und glatt zu bleiben -, was zu schlaffen Hautstellen im Gesicht, am Hals und am K\u00f6rper f\u00fchrt.<\/p>\n<p>Wenn Sie die schlaffe Haut st\u00f6rt, kann eine <strong>nicht-chirurgische Lifting-Behandlung<\/strong> diesen Prozess vor\u00fcbergehend stoppen und der Haut wieder ein strafferes, glatteres und j\u00fcngeres Aussehen verleihen.<\/p>\n<figure id=\"attachment_1293\" aria-describedby=\"caption-attachment-1293\" style=\"width: 700px\" class=\"wp-caption aligncenter\"><noscript><img fetchpriority=\"high\" decoding=\"async\" class=\"wp-image-1293 size-full\" src=\"https:\/\/www.polycliniqueplus.com\/wp-content\/uploads\/2017\/10\/c700x420-1.jpg\" alt=\"die Haut von Gesicht und K\u00f6rper straffen und festigen\" width=\"700\" height=\"420\"><\/noscript><img fetchpriority=\"high\" decoding=\"async\" class=\"wp-image-1293 size-full lazyload\" src=\"data:image\/svg+xml,%3Csvg%20xmlns%3D%22http%3A%2F%2Fwww.w3.org%2F2000%2Fsvg%22%20viewBox%3D%220%200%20700%20420%22%3E%3C%2Fsvg%3E\" alt=\"die Haut von Gesicht und K\u00f6rper straffen und festigen\" width=\"700\" height=\"420\" data-src=\"https:\/\/www.polycliniqueplus.com\/wp-content\/uploads\/2017\/10\/c700x420-1.jpg\"><figcaption id=\"caption-attachment-1293\" class=\"wp-caption-text\">die Haut von Gesicht und K\u00f6rper straffen und festigen<\/figcaption><\/figure>\n<h2><strong>Vorteile des nicht-chirurgischen Hautliftings<\/strong><\/h2>\n<p>Strafft leicht bis m\u00e4\u00dfig erschlaffte Haut im Gesicht, am Hals oder am K\u00f6rper, <strong>ohne Operation oder Narbenbildung<\/strong><\/p>\n<ul>\n<li>Viele Behandlungen k\u00f6nnen einen sp\u00fcrbaren &#8222;Lifting&#8220;-Effekt haben<\/li>\n<li>Wenig oder keine Ausfallzeit erforderlich<\/li>\n<li>Sehr geringes Risiko von Nebenwirkungen, wenn es von einem qualifizierten \u00e4sthetischen Arzt durchgef\u00fchrt wird<\/li>\n<li>Behandlungen k\u00f6nnen in der Praxis durchgef\u00fchrt werden, in der Regel in einer Stunde oder weniger.<\/li>\n<li>Die Ergebnisse k\u00f6nnen bis zu einem Jahr anhalten<\/li>\n<\/ul>\n<p>Auch das nicht-chirurgische Hautlifting hat Einschr\u00e4nkungen:<\/p>\n<ul>\n<li>Die Ergebnisse zeigen sich allm\u00e4hlich \u00fcber mehrere Wochen oder Monate nach der Behandlung.<\/li>\n<li>Es k\u00f6nnen mehrere Behandlungen n\u00f6tig sein, um die gew\u00fcnschten Ergebnisse zu erzielen<\/li>\n<li>Die Behandlung muss in regelm\u00e4\u00dfigen Abst\u00e4nden wiederholt werden, um die zuvor erzielten Ergebnisse aufrechtzuerhalten.<\/li>\n<li>Nicht wirksam bei sehr fortgeschrittener Hauterschlaffung, wie ausgepr\u00e4gten Wangenknochen oder gedehnter Haut nach einer Schwangerschaft oder Gewichtsabnahme.<\/li>\n<\/ul>\n<p><strong><br>\nTechniken, die f\u00fcr nicht-chirurgische Hautstraffung verwendet werden<\/strong><\/p>\n<h2><strong><u>Lifting mit Ultraschall<\/u><\/strong><\/h2>\n<p>Einige Behandlungen zur Hautstraffung nutzen die Energie eines fokussierten Ultraschallgenerators, der die Haut in bestimmten Tiefen und an bestimmten Stellen erw\u00e4rmt, um die Kollagenproduktion anzuregen und der Haut zu helfen, straffer zu werden.<\/p>\n<p>Die Ultraschalltechnologie wird seit vielen Jahren in der <a href=\"https:\/\/www.polycliniqueplus.com\/medecine-esthetique-turquie\/\">\u00e4sthetischen Medizin<\/a> eingesetzt und ist sehr sicher.<\/p>\n<h2><strong> <\/strong><strong><u>Lifting mit Radiofrequenz (RF)<\/u><\/strong><\/h2>\n<p>Auch Radiofrequenzenergie (RF) kann verwendet werden, um die Haut zu erw\u00e4rmen und die Kollagenproduktion auszul\u00f6sen. RF konzentriert sich auf die epidermalen Schichten, um ein strafferes und glatteres Aussehen zu erreichen.<\/p>\n<h2><strong><u>Kombinierte IPL \/ RF<\/u><\/strong><\/h2>\n<p>Eine dritte Technik zur Hautstraffung kombiniert intensiv gepulstes Licht (IPL) mit Radiofrequenz (RF), um tiefere Hautschichten zu erw\u00e4rmen und die nat\u00fcrliche Heilungsreaktion auszul\u00f6sen, die wiederum die Kollagenproduktion in Gang setzt. Das Hinzuf\u00fcgen von IPL erm\u00f6glicht eine Behandlung der Haut auf mehreren Ebenen und kann helfen, die HF-Energie f\u00fcr eine effektivere Behandlung zu b\u00fcndeln.<\/p>\n","protected":false},"excerpt":{"rendered":"<p>Mithilfe einer nicht-chirurgischen Hautstraffung oder eines Liftings k\u00f6nnen Sch\u00f6nheitsmediziner m\u00e4\u00dfig erschlaffte Haut im Gesicht, am Hals und am K\u00f6rper wirksam straffen, was den Patienten hilft, ihr Aussehen zu verbessern und die Notwendigkeit eines chirurgischen Eingriffs hinauszuz\u00f6gern. Mit zunehmendem Alter verlangsamt sich die Produktion von Kollagen und Elastin &#8211; zwei Proteine, die unserer Haut dabei helfen, [&hellip;]<\/p>\n","protected":false},"author":1,"featured_media":12828,"comment_status":"closed","ping_status":"open","sticky":false,"template":"","format":"standard","meta":{"footnotes":""},"categories":[280],"tags":[],"class_list":["post-15371","post","type-post","status-publish","format-standard","has-post-thumbnail","hentry","category-news"],"yoast_head":"<!-- This site is optimized with the Yoast SEO plugin v27.3 - https:\/\/yoast.com\/product\/yoast-seo-wordpress\/ -->\n<title>Straffung und Festigung der Gesichts- und K\u00f6rperhaut: nicht-chirurgisches Facelifting<\/title>\n<meta name=\"description\" content=\"Mithilfe einer nicht-chirurgischen Hautstraffung oder eines Liftings k\u00f6nnen Sch\u00f6nheitsmediziner m\u00e4\u00dfig erschlaffte Haut im Gesicht, am Hals und am K\u00f6rper wirksam straffen, was den Patienten hilft, ihr Aussehen zu verbessern und die Notwendigkeit eines chirurgischen Eingriffs hinauszuz\u00f6gern.\" \/>\n<meta name=\"robots\" content=\"index, follow, max-snippet:-1, max-image-preview:large, max-video-preview:-1\" \/>\n<link rel=\"canonical\" href=\"https:\/\/www.polycliniqueplus.com\/de\/blog\/straffung-und-festigung-der-gesichts-und-koerperhaut\/\" \/>\n<meta property=\"og:locale\" content=\"de_DE\" \/>\n<meta property=\"og:type\" content=\"article\" \/>\n<meta property=\"og:title\" content=\"Straffung und Festigung der Gesichts- und K\u00f6rperhaut: nicht-chirurgisches Facelifting\" \/>\n<meta property=\"og:description\" content=\"Mithilfe einer nicht-chirurgischen Hautstraffung oder eines Liftings k\u00f6nnen Sch\u00f6nheitsmediziner m\u00e4\u00dfig erschlaffte Haut im Gesicht, am Hals und am K\u00f6rper wirksam straffen, was den Patienten hilft, ihr Aussehen zu verbessern und die Notwendigkeit eines chirurgischen Eingriffs hinauszuz\u00f6gern.\" \/>\n<meta property=\"og:url\" content=\"https:\/\/www.polycliniqueplus.com\/de\/blog\/straffung-und-festigung-der-gesichts-und-koerperhaut\/\" \/>\n<meta property=\"og:site_name\" content=\"Chirurgie esthetique Turquie : Prix interventions meilleures cliniques Istanbul\" \/>\n<meta property=\"article:publisher\" content=\"https:\/\/www.facebook.com\/polycliniqueplus\" \/>\n<meta property=\"article:published_time\" content=\"2020-07-15T09:37:16+00:00\" \/>\n<meta property=\"og:image\" content=\"https:\/\/www.polycliniqueplus.com\/wp-content\/uploads\/2017\/10\/c700x420-1.jpg\" \/>\n<meta name=\"author\" content=\"Mirna\" \/>\n<meta name=\"twitter:card\" content=\"summary_large_image\" \/>\n<meta name=\"twitter:creator\" content=\"@polyclinique1\" \/>\n<meta name=\"twitter:site\" content=\"@polyclinique1\" \/>\n<meta name=\"twitter:label1\" content=\"Verfasst von\" \/>\n\t<meta name=\"twitter:data1\" content=\"Mirna\" \/>\n\t<meta name=\"twitter:label2\" content=\"Gesch\u00e4tzte Lesezeit\" \/>\n\t<meta name=\"twitter:data2\" content=\"2\u00a0Minuten\" \/>\n<script type=\"application\/ld+json\" class=\"yoast-schema-graph\">{\"@context\":\"https:\\\/\\\/schema.org\",\"@graph\":[{\"@type\":\"Article\",\"@id\":\"https:\\\/\\\/www.polycliniqueplus.com\\\/de\\\/blog\\\/straffung-und-festigung-der-gesichts-und-koerperhaut\\\/#article\",\"isPartOf\":{\"@id\":\"https:\\\/\\\/www.polycliniqueplus.com\\\/de\\\/blog\\\/straffung-und-festigung-der-gesichts-und-koerperhaut\\\/\"},\"author\":{\"name\":\"Mirna\",\"@id\":\"https:\\\/\\\/www.polycliniqueplus.com\\\/de\\\/#\\\/schema\\\/person\\\/0525a0bd10c537b179c46d27f9a7ddfe\"},\"headline\":\"Straffung und Festigung der Gesichts- und K\u00f6rperhaut\",\"datePublished\":\"2020-07-15T09:37:16+00:00\",\"mainEntityOfPage\":{\"@id\":\"https:\\\/\\\/www.polycliniqueplus.com\\\/de\\\/blog\\\/straffung-und-festigung-der-gesichts-und-koerperhaut\\\/\"},\"wordCount\":441,\"publisher\":{\"@id\":\"https:\\\/\\\/www.polycliniqueplus.com\\\/de\\\/#organization\"},\"image\":{\"@id\":\"https:\\\/\\\/www.polycliniqueplus.com\\\/de\\\/blog\\\/straffung-und-festigung-der-gesichts-und-koerperhaut\\\/#primaryimage\"},\"thumbnailUrl\":\"https:\\\/\\\/www.polycliniqueplus.com\\\/wp-content\\\/uploads\\\/2020\\\/07\\\/beaute-masculine-2.jpg\",\"articleSection\":[\"news\"],\"inLanguage\":\"de\"},{\"@type\":\"WebPage\",\"@id\":\"https:\\\/\\\/www.polycliniqueplus.com\\\/de\\\/blog\\\/straffung-und-festigung-der-gesichts-und-koerperhaut\\\/\",\"url\":\"https:\\\/\\\/www.polycliniqueplus.com\\\/de\\\/blog\\\/straffung-und-festigung-der-gesichts-und-koerperhaut\\\/\",\"name\":\"Straffung und Festigung der Gesichts- und K\u00f6rperhaut: nicht-chirurgisches Facelifting\",\"isPartOf\":{\"@id\":\"https:\\\/\\\/www.polycliniqueplus.com\\\/de\\\/#website\"},\"primaryImageOfPage\":{\"@id\":\"https:\\\/\\\/www.polycliniqueplus.com\\\/de\\\/blog\\\/straffung-und-festigung-der-gesichts-und-koerperhaut\\\/#primaryimage\"},\"image\":{\"@id\":\"https:\\\/\\\/www.polycliniqueplus.com\\\/de\\\/blog\\\/straffung-und-festigung-der-gesichts-und-koerperhaut\\\/#primaryimage\"},\"thumbnailUrl\":\"https:\\\/\\\/www.polycliniqueplus.com\\\/wp-content\\\/uploads\\\/2020\\\/07\\\/beaute-masculine-2.jpg\",\"datePublished\":\"2020-07-15T09:37:16+00:00\",\"description\":\"Mithilfe einer nicht-chirurgischen Hautstraffung oder eines Liftings k\u00f6nnen Sch\u00f6nheitsmediziner m\u00e4\u00dfig erschlaffte Haut im Gesicht, am Hals und am K\u00f6rper wirksam straffen, was den Patienten hilft, ihr Aussehen zu verbessern und die Notwendigkeit eines chirurgischen Eingriffs hinauszuz\u00f6gern.\",\"breadcrumb\":{\"@id\":\"https:\\\/\\\/www.polycliniqueplus.com\\\/de\\\/blog\\\/straffung-und-festigung-der-gesichts-und-koerperhaut\\\/#breadcrumb\"},\"inLanguage\":\"de\",\"potentialAction\":[{\"@type\":\"ReadAction\",\"target\":[\"https:\\\/\\\/www.polycliniqueplus.com\\\/de\\\/blog\\\/straffung-und-festigung-der-gesichts-und-koerperhaut\\\/\"]}]},{\"@type\":\"ImageObject\",\"inLanguage\":\"de\",\"@id\":\"https:\\\/\\\/www.polycliniqueplus.com\\\/de\\\/blog\\\/straffung-und-festigung-der-gesichts-und-koerperhaut\\\/#primaryimage\",\"url\":\"https:\\\/\\\/www.polycliniqueplus.com\\\/wp-content\\\/uploads\\\/2020\\\/07\\\/beaute-masculine-2.jpg\",\"contentUrl\":\"https:\\\/\\\/www.polycliniqueplus.com\\\/wp-content\\\/uploads\\\/2020\\\/07\\\/beaute-masculine-2.jpg\",\"width\":630,\"height\":354},{\"@type\":\"BreadcrumbList\",\"@id\":\"https:\\\/\\\/www.polycliniqueplus.com\\\/de\\\/blog\\\/straffung-und-festigung-der-gesichts-und-koerperhaut\\\/#breadcrumb\",\"itemListElement\":[{\"@type\":\"ListItem\",\"position\":1,\"name\":\"Accueil\",\"item\":\"https:\\\/\\\/www.polycliniqueplus.com\\\/de\\\/\"},{\"@type\":\"ListItem\",\"position\":2,\"name\":\"Straffung und Festigung der Gesichts- und K\u00f6rperhaut\"}]},{\"@type\":\"WebSite\",\"@id\":\"https:\\\/\\\/www.polycliniqueplus.com\\\/de\\\/#website\",\"url\":\"https:\\\/\\\/www.polycliniqueplus.com\\\/de\\\/\",\"name\":\"Chirurgie esthetique Turquie : Prix interventions meilleures cliniques Istanbul\",\"description\":\"Chirurgie esthetique Turquie prix pas cher\",\"publisher\":{\"@id\":\"https:\\\/\\\/www.polycliniqueplus.com\\\/de\\\/#organization\"},\"potentialAction\":[{\"@type\":\"SearchAction\",\"target\":{\"@type\":\"EntryPoint\",\"urlTemplate\":\"https:\\\/\\\/www.polycliniqueplus.com\\\/de\\\/?s={search_term_string}\"},\"query-input\":{\"@type\":\"PropertyValueSpecification\",\"valueRequired\":true,\"valueName\":\"search_term_string\"}}],\"inLanguage\":\"de\"},{\"@type\":\"Organization\",\"@id\":\"https:\\\/\\\/www.polycliniqueplus.com\\\/de\\\/#organization\",\"name\":\"Polycliniqueplus chirurgie esthetique Turquie\",\"url\":\"https:\\\/\\\/www.polycliniqueplus.com\\\/de\\\/\",\"logo\":{\"@type\":\"ImageObject\",\"inLanguage\":\"de\",\"@id\":\"https:\\\/\\\/www.polycliniqueplus.com\\\/de\\\/#\\\/schema\\\/logo\\\/image\\\/\",\"url\":\"https:\\\/\\\/www.polycliniqueplus.com\\\/wp-content\\\/uploads\\\/2021\\\/03\\\/cropped-add-box-fill.png\",\"contentUrl\":\"https:\\\/\\\/www.polycliniqueplus.com\\\/wp-content\\\/uploads\\\/2021\\\/03\\\/cropped-add-box-fill.png\",\"width\":512,\"height\":512,\"caption\":\"Polycliniqueplus chirurgie esthetique Turquie\"},\"image\":{\"@id\":\"https:\\\/\\\/www.polycliniqueplus.com\\\/de\\\/#\\\/schema\\\/logo\\\/image\\\/\"},\"sameAs\":[\"https:\\\/\\\/www.facebook.com\\\/polycliniqueplus\",\"https:\\\/\\\/x.com\\\/polyclinique1\",\"https:\\\/\\\/www.youtube.com\\\/channel\\\/UCAnK3TORJqflIuYGFa-JQDw\"]},{\"@type\":\"Person\",\"@id\":\"https:\\\/\\\/www.polycliniqueplus.com\\\/de\\\/#\\\/schema\\\/person\\\/0525a0bd10c537b179c46d27f9a7ddfe\",\"name\":\"Mirna\",\"image\":{\"@type\":\"ImageObject\",\"inLanguage\":\"de\",\"@id\":\"https:\\\/\\\/secure.gravatar.com\\\/avatar\\\/a66d15ec76051205756db13372446db97237a4727517044f67012dd173d87cab?s=96&d=mm&r=g\",\"url\":\"https:\\\/\\\/secure.gravatar.com\\\/avatar\\\/a66d15ec76051205756db13372446db97237a4727517044f67012dd173d87cab?s=96&d=mm&r=g\",\"contentUrl\":\"https:\\\/\\\/secure.gravatar.com\\\/avatar\\\/a66d15ec76051205756db13372446db97237a4727517044f67012dd173d87cab?s=96&d=mm&r=g\",\"caption\":\"Mirna\"},\"url\":\"https:\\\/\\\/www.polycliniqueplus.com\\\/de\\\/blog\\\/author\\\/polyclin_pluscom\\\/\"}]}<\/script>\n<!-- \/ Yoast SEO plugin. -->","yoast_head_json":{"title":"Straffung und Festigung der Gesichts- und K\u00f6rperhaut: nicht-chirurgisches Facelifting","description":"Mithilfe einer nicht-chirurgischen Hautstraffung oder eines Liftings k\u00f6nnen Sch\u00f6nheitsmediziner m\u00e4\u00dfig erschlaffte Haut im Gesicht, am Hals und am K\u00f6rper wirksam straffen, was den Patienten hilft, ihr Aussehen zu verbessern und die Notwendigkeit eines chirurgischen Eingriffs hinauszuz\u00f6gern.","robots":{"index":"index","follow":"follow","max-snippet":"max-snippet:-1","max-image-preview":"max-image-preview:large","max-video-preview":"max-video-preview:-1"},"canonical":"https:\/\/www.polycliniqueplus.com\/de\/blog\/straffung-und-festigung-der-gesichts-und-koerperhaut\/","og_locale":"de_DE","og_type":"article","og_title":"Straffung und Festigung der Gesichts- und K\u00f6rperhaut: nicht-chirurgisches Facelifting","og_description":"Mithilfe einer nicht-chirurgischen Hautstraffung oder eines Liftings k\u00f6nnen Sch\u00f6nheitsmediziner m\u00e4\u00dfig erschlaffte Haut im Gesicht, am Hals und am K\u00f6rper wirksam straffen, was den Patienten hilft, ihr Aussehen zu verbessern und die Notwendigkeit eines chirurgischen Eingriffs hinauszuz\u00f6gern.","og_url":"https:\/\/www.polycliniqueplus.com\/de\/blog\/straffung-und-festigung-der-gesichts-und-koerperhaut\/","og_site_name":"Chirurgie esthetique Turquie : Prix interventions meilleures cliniques Istanbul","article_publisher":"https:\/\/www.facebook.com\/polycliniqueplus","article_published_time":"2020-07-15T09:37:16+00:00","og_image":[{"url":"https:\/\/www.polycliniqueplus.com\/wp-content\/uploads\/2017\/10\/c700x420-1.jpg","type":"","width":"","height":""}],"author":"Mirna","twitter_card":"summary_large_image","twitter_creator":"@polyclinique1","twitter_site":"@polyclinique1","twitter_misc":{"Verfasst von":"Mirna","Gesch\u00e4tzte Lesezeit":"2\u00a0Minuten"},"schema":{"@context":"https:\/\/schema.org","@graph":[{"@type":"Article","@id":"https:\/\/www.polycliniqueplus.com\/de\/blog\/straffung-und-festigung-der-gesichts-und-koerperhaut\/#article","isPartOf":{"@id":"https:\/\/www.polycliniqueplus.com\/de\/blog\/straffung-und-festigung-der-gesichts-und-koerperhaut\/"},"author":{"name":"Mirna","@id":"https:\/\/www.polycliniqueplus.com\/de\/#\/schema\/person\/0525a0bd10c537b179c46d27f9a7ddfe"},"headline":"Straffung und Festigung der Gesichts- und K\u00f6rperhaut","datePublished":"2020-07-15T09:37:16+00:00","mainEntityOfPage":{"@id":"https:\/\/www.polycliniqueplus.com\/de\/blog\/straffung-und-festigung-der-gesichts-und-koerperhaut\/"},"wordCount":441,"publisher":{"@id":"https:\/\/www.polycliniqueplus.com\/de\/#organization"},"image":{"@id":"https:\/\/www.polycliniqueplus.com\/de\/blog\/straffung-und-festigung-der-gesichts-und-koerperhaut\/#primaryimage"},"thumbnailUrl":"https:\/\/www.polycliniqueplus.com\/wp-content\/uploads\/2020\/07\/beaute-masculine-2.jpg","articleSection":["news"],"inLanguage":"de"},{"@type":"WebPage","@id":"https:\/\/www.polycliniqueplus.com\/de\/blog\/straffung-und-festigung-der-gesichts-und-koerperhaut\/","url":"https:\/\/www.polycliniqueplus.com\/de\/blog\/straffung-und-festigung-der-gesichts-und-koerperhaut\/","name":"Straffung und Festigung der Gesichts- und K\u00f6rperhaut: nicht-chirurgisches Facelifting","isPartOf":{"@id":"https:\/\/www.polycliniqueplus.com\/de\/#website"},"primaryImageOfPage":{"@id":"https:\/\/www.polycliniqueplus.com\/de\/blog\/straffung-und-festigung-der-gesichts-und-koerperhaut\/#primaryimage"},"image":{"@id":"https:\/\/www.polycliniqueplus.com\/de\/blog\/straffung-und-festigung-der-gesichts-und-koerperhaut\/#primaryimage"},"thumbnailUrl":"https:\/\/www.polycliniqueplus.com\/wp-content\/uploads\/2020\/07\/beaute-masculine-2.jpg","datePublished":"2020-07-15T09:37:16+00:00","description":"Mithilfe einer nicht-chirurgischen Hautstraffung oder eines Liftings k\u00f6nnen Sch\u00f6nheitsmediziner m\u00e4\u00dfig erschlaffte Haut im Gesicht, am Hals und am K\u00f6rper wirksam straffen, was den Patienten hilft, ihr Aussehen zu verbessern und die Notwendigkeit eines chirurgischen Eingriffs hinauszuz\u00f6gern.","breadcrumb":{"@id":"https:\/\/www.polycliniqueplus.com\/de\/blog\/straffung-und-festigung-der-gesichts-und-koerperhaut\/#breadcrumb"},"inLanguage":"de","potentialAction":[{"@type":"ReadAction","target":["https:\/\/www.polycliniqueplus.com\/de\/blog\/straffung-und-festigung-der-gesichts-und-koerperhaut\/"]}]},{"@type":"ImageObject","inLanguage":"de","@id":"https:\/\/www.polycliniqueplus.com\/de\/blog\/straffung-und-festigung-der-gesichts-und-koerperhaut\/#primaryimage","url":"https:\/\/www.polycliniqueplus.com\/wp-content\/uploads\/2020\/07\/beaute-masculine-2.jpg","contentUrl":"https:\/\/www.polycliniqueplus.com\/wp-content\/uploads\/2020\/07\/beaute-masculine-2.jpg","width":630,"height":354},{"@type":"BreadcrumbList","@id":"https:\/\/www.polycliniqueplus.com\/de\/blog\/straffung-und-festigung-der-gesichts-und-koerperhaut\/#breadcrumb","itemListElement":[{"@type":"ListItem","position":1,"name":"Accueil","item":"https:\/\/www.polycliniqueplus.com\/de\/"},{"@type":"ListItem","position":2,"name":"Straffung und Festigung der Gesichts- und K\u00f6rperhaut"}]},{"@type":"WebSite","@id":"https:\/\/www.polycliniqueplus.com\/de\/#website","url":"https:\/\/www.polycliniqueplus.com\/de\/","name":"Chirurgie esthetique Turquie : Prix interventions meilleures cliniques Istanbul","description":"Chirurgie esthetique Turquie prix pas cher","publisher":{"@id":"https:\/\/www.polycliniqueplus.com\/de\/#organization"},"potentialAction":[{"@type":"SearchAction","target":{"@type":"EntryPoint","urlTemplate":"https:\/\/www.polycliniqueplus.com\/de\/?s={search_term_string}"},"query-input":{"@type":"PropertyValueSpecification","valueRequired":true,"valueName":"search_term_string"}}],"inLanguage":"de"},{"@type":"Organization","@id":"https:\/\/www.polycliniqueplus.com\/de\/#organization","name":"Polycliniqueplus chirurgie esthetique Turquie","url":"https:\/\/www.polycliniqueplus.com\/de\/","logo":{"@type":"ImageObject","inLanguage":"de","@id":"https:\/\/www.polycliniqueplus.com\/de\/#\/schema\/logo\/image\/","url":"https:\/\/www.polycliniqueplus.com\/wp-content\/uploads\/2021\/03\/cropped-add-box-fill.png","contentUrl":"https:\/\/www.polycliniqueplus.com\/wp-content\/uploads\/2021\/03\/cropped-add-box-fill.png","width":512,"height":512,"caption":"Polycliniqueplus chirurgie esthetique Turquie"},"image":{"@id":"https:\/\/www.polycliniqueplus.com\/de\/#\/schema\/logo\/image\/"},"sameAs":["https:\/\/www.facebook.com\/polycliniqueplus","https:\/\/x.com\/polyclinique1","https:\/\/www.youtube.com\/channel\/UCAnK3TORJqflIuYGFa-JQDw"]},{"@type":"Person","@id":"https:\/\/www.polycliniqueplus.com\/de\/#\/schema\/person\/0525a0bd10c537b179c46d27f9a7ddfe","name":"Mirna","image":{"@type":"ImageObject","inLanguage":"de","@id":"https:\/\/secure.gravatar.com\/avatar\/a66d15ec76051205756db13372446db97237a4727517044f67012dd173d87cab?s=96&d=mm&r=g","url":"https:\/\/secure.gravatar.com\/avatar\/a66d15ec76051205756db13372446db97237a4727517044f67012dd173d87cab?s=96&d=mm&r=g","contentUrl":"https:\/\/secure.gravatar.com\/avatar\/a66d15ec76051205756db13372446db97237a4727517044f67012dd173d87cab?s=96&d=mm&r=g","caption":"Mirna"},"url":"https:\/\/www.polycliniqueplus.com\/de\/blog\/author\/polyclin_pluscom\/"}]}},"_links":{"self":[{"href":"https:\/\/www.polycliniqueplus.com\/de\/wp-json\/wp\/v2\/posts\/15371","targetHints":{"allow":["GET"]}}],"collection":[{"href":"https:\/\/www.polycliniqueplus.com\/de\/wp-json\/wp\/v2\/posts"}],"about":[{"href":"https:\/\/www.polycliniqueplus.com\/de\/wp-json\/wp\/v2\/types\/post"}],"author":[{"embeddable":true,"href":"https:\/\/www.polycliniqueplus.com\/de\/wp-json\/wp\/v2\/users\/1"}],"replies":[{"embeddable":true,"href":"https:\/\/www.polycliniqueplus.com\/de\/wp-json\/wp\/v2\/comments?post=15371"}],"version-history":[{"count":0,"href":"https:\/\/www.polycliniqueplus.com\/de\/wp-json\/wp\/v2\/posts\/15371\/revisions"}],"wp:featuredmedia":[{"embeddable":true,"href":"https:\/\/www.polycliniqueplus.com\/de\/wp-json\/wp\/v2\/media\/12828"}],"wp:attachment":[{"href":"https:\/\/www.polycliniqueplus.com\/de\/wp-json\/wp\/v2\/media?parent=15371"}],"wp:term":[{"taxonomy":"category","embeddable":true,"href":"https:\/\/www.polycliniqueplus.com\/de\/wp-json\/wp\/v2\/categories?post=15371"},{"taxonomy":"post_tag","embeddable":true,"href":"https:\/\/www.polycliniqueplus.com\/de\/wp-json\/wp\/v2\/tags?post=15371"}],"curies":[{"name":"wp","href":"https:\/\/api.w.org\/{rel}","templated":true}]}}