{"id":14914,"date":"2018-07-20T12:20:46","date_gmt":"2018-07-20T10:20:46","guid":{"rendered":"https:\/\/www.polycliniqueplus.com\/blog\/tyra-banks-verteidigt-ihre-nasenkorrektur-auf-gewagte-weise\/"},"modified":"2023-01-19T15:27:55","modified_gmt":"2023-01-19T14:27:55","slug":"tyra-banks-schoenheitschirurgie","status":"publish","type":"post","link":"https:\/\/www.polycliniqueplus.com\/de\/blog\/tyra-banks-schoenheitschirurgie\/","title":{"rendered":"Tyra Banks verteidigt ihre Nasenkorrektur auf gewagte Weise"},"content":{"rendered":"<p>Tyra Banks hatte <a href=\"https:\/\/www.polycliniqueplus.com\/rhinoplastie-turquie\/\" rel=\"noopener\" target=\"_blank\">eine Nasenkorrektur<\/a> zu Beginn ihrer Modelkarriere und sie besitzt ihn heute.<\/p>\n<p><a href=\"https:\/\/www.polycliniqueplus.com\/wp-content\/uploads\/2018\/07\/Tyra-banks.jpg\"><noscript><img fetchpriority=\"high\" decoding=\"async\" class=\"aligncenter wp-image-1789\" src=\"https:\/\/www.polycliniqueplus.com\/wp-content\/uploads\/2018\/07\/Tyra-banks.jpg\" alt=\"Tyra banks\" width=\"518\" height=\"311\"><\/noscript><img fetchpriority=\"high\" decoding=\"async\" class=\"aligncenter wp-image-1789 lazyload\" src=\"data:image\/svg+xml,%3Csvg%20xmlns%3D%22http%3A%2F%2Fwww.w3.org%2F2000%2Fsvg%22%20viewBox%3D%220%200%20518%20311%22%3E%3C%2Fsvg%3E\" alt=\"Tyra banks\" width=\"518\" height=\"311\" data-src=\"https:\/\/www.polycliniqueplus.com\/wp-content\/uploads\/2018\/07\/Tyra-banks.jpg\"><\/a> In einem neuen Interview sagt die 44-j\u00e4hrige Gastgeberin und ausf\u00fchrende Produzentin von Amerikas &#8222;Next Top Model&#8220;: &#8222;Ich gebe es zu! Falsche Haare, und ich habe meine Nase gemacht. Ich f\u00fchle, dass ich die Verantwortung habe, die Wahrheit zu sagen. &#8222;W\u00e4hrend einige Tyra vielleicht anrufen, weil sie ihre <a href=\"https:\/\/www.polycliniqueplus.com\/septoplastie-turquie\/\" rel=\"noopener\" target=\"_blank\">Nasenoperation<\/a> nicht schneller gemacht hat (trotz der seit Jahren kursierenden Ger\u00fcchte), brachte sie ihre Kritiker zum Schweigen, indem sie sagte: &#8222;Es gibt eine Grenze, entweder bist du nat\u00fcrlich oder du bist Sch\u00f6nheitschirurgin. Es ist okay, auf dieser Linie zu kommen und zu gehen. M\u00f6chtest du dein Haar weben lassen? Gut. Willst du dauerhafte Augenbrauen? Gut. Als Frauen m\u00fcssen wir aufh\u00f6ren zu urteilen. &#8220; Wir k\u00f6nnten nicht mehr zustimmen. Da sie den Begriff &#8222;smize&#8220; (aka smiling with your eyes) gepr\u00e4gt und dazu beigetragen hat, den Slogan &#8222;ruhend auf h\u00fcbsch&#8220; (eine ihrer Kritiken &#8222;ANTM&#8220;) popul\u00e4r zu machen, sollte es nicht \u00fcberraschen, dass die Leute diese Sch\u00f6nheit von Tyra Banks wollen, und ein Vorbild zu sein erfordert Anstrengungen. Sie sagt den Leuten: &#8222;Als Model brauchte ich Make-up. Ich glaube nicht, dass daran etwas falsch ist. Er hat mein Spielfeld eingeebnet. Gisele, brauchst du es nicht? Ich tue es! Und wir modellieren beide f\u00fcr Victoria&#8217;s Secret. &#8222;Mit ihrem n\u00e4chsten Buch &#8222;Perfect Is Boring&#8220; scheint Tyra Banks bereit, die Idealisierung der nat\u00fcrlichen Sch\u00f6nheit anzunehmen. Sie sagt: &#8222;Nat\u00fcrliche Sch\u00f6nheit ist unfair. Ich f\u00fchle mich wirklich unwohl, wenn Frauen, die diese nat\u00fcrlichen Sch\u00f6nheiten sind, \u00fcber jemanden urteilen, der alles f\u00fcr sie selbst tut.&#8220;<\/p>\n<p><a href=\"https:\/\/www.polycliniqueplus.com\/wp-content\/uploads\/2018\/07\/tyra-banks-apr\u00e8s.jpg\"><noscript><img decoding=\"async\" class=\"aligncenter wp-image-1790\" src=\"https:\/\/www.polycliniqueplus.com\/wp-content\/uploads\/2018\/07\/tyra-banks-apr\u00e8s.jpg\" alt=\"tyra banks apr\u00e8s\" width=\"492\" height=\"369\"><\/noscript><img decoding=\"async\" class=\"aligncenter wp-image-1790 lazyload\" src=\"data:image\/svg+xml,%3Csvg%20xmlns%3D%22http%3A%2F%2Fwww.w3.org%2F2000%2Fsvg%22%20viewBox%3D%220%200%20492%20369%22%3E%3C%2Fsvg%3E\" alt=\"tyra banks apr\u00e8s\" width=\"492\" height=\"369\" data-src=\"https:\/\/www.polycliniqueplus.com\/wp-content\/uploads\/2018\/07\/tyra-banks-apr\u00e8s.jpg\"><\/a> Also, wo steht sie in der gesamten #nomakeup-Bewegung? 2015 postete sie dieses unversch\u00e4mte Selfie und schrieb dazu: &#8222;Ich wollte so sehr meine Augenringe gl\u00e4tten!!! Aber ich war wie: &#8218;Naw, Ty. Zeig ihnen den echten. Sieht aus, als h\u00e4tte sie das #nomakeup Kool-Aid getrunken, oder? Nicht genug. Am n\u00e4chsten Tag postete sie das Selfie und verk\u00fcndete: &#8222;Das gemalte Gesicht, das ihr gerade anschaut &#8230; DAS IST WIRKLICH auch ich. Ist das glaubw\u00fcrdig? Heck nein! Ist es echt? Die Jury steht auf diesem Punkt, aber ich sage: &#8222;Ja. Ich wei\u00df, was du denkst. &#8218;Was??!!!&#8216; Es ist echt, weil ich es echt halte, indem ich zugebe, dass ich Dinge auf mein Gesicht legen muss, um wie ein Model auszusehen. (F\u00fcge eine kleine Retusche hinzu und Wham, der letzte Blick ist komplett! ) Ja, ich w\u00e4re gerne mit einem makellosen Aussehen aufgewacht, aber das bin nicht ich. Ganz und gar nicht. Und ich sch\u00e4me mich nicht, das zuzugeben. Keiner von uns sollte es sein. &#8222;<\/p>\n","protected":false},"excerpt":{"rendered":"<p>Tyra Banks hatte eine Nasenkorrektur zu Beginn ihrer Modelkarriere und sie besitzt ihn heute. In einem neuen Interview sagt die 44-j\u00e4hrige Gastgeberin und ausf\u00fchrende Produzentin von Amerikas &#8222;Next Top Model&#8220;: &#8222;Ich gebe es zu! Falsche Haare, und ich habe meine Nase gemacht. Ich f\u00fchle, dass ich die Verantwortung habe, die Wahrheit zu sagen. &#8222;W\u00e4hrend einige [&hellip;]<\/p>\n","protected":false},"author":1,"featured_media":0,"comment_status":"closed","ping_status":"open","sticky":false,"template":"","format":"standard","meta":{"footnotes":""},"categories":[273,258],"tags":[285],"class_list":["post-14914","post","type-post","status-publish","format-standard","hentry","category-rhinoplastik","category-wohlbefinden","tag-rhinoplastik"],"yoast_head":"<!-- This site is optimized with the Yoast SEO plugin v27.3 - https:\/\/yoast.com\/product\/yoast-seo-wordpress\/ -->\n<title>Tyra Banks verteidigt ihre Sch\u00f6nheitsoperation auf gewagte Weise<\/title>\n<meta name=\"robots\" content=\"index, follow, max-snippet:-1, max-image-preview:large, max-video-preview:-1\" \/>\n<link rel=\"canonical\" href=\"https:\/\/www.polycliniqueplus.com\/de\/blog\/tyra-banks-schoenheitschirurgie\/\" \/>\n<meta property=\"og:locale\" content=\"de_DE\" \/>\n<meta property=\"og:type\" content=\"article\" \/>\n<meta property=\"og:title\" content=\"Tyra Banks verteidigt ihre Sch\u00f6nheitsoperation auf gewagte Weise\" \/>\n<meta property=\"og:description\" content=\"Tyra Banks hatte eine Nasenkorrektur zu Beginn ihrer Modelkarriere und sie besitzt ihn heute. In einem neuen Interview sagt die 44-j\u00e4hrige Gastgeberin und ausf\u00fchrende Produzentin von Amerikas &#8222;Next Top Model&#8220;: &#8222;Ich gebe es zu! Falsche Haare, und ich habe meine Nase gemacht. Ich f\u00fchle, dass ich die Verantwortung habe, die Wahrheit zu sagen. &#8222;W\u00e4hrend einige [&hellip;]\" \/>\n<meta property=\"og:url\" content=\"https:\/\/www.polycliniqueplus.com\/de\/blog\/tyra-banks-schoenheitschirurgie\/\" \/>\n<meta property=\"og:site_name\" content=\"Chirurgie esthetique Turquie : Prix interventions meilleures cliniques Istanbul\" \/>\n<meta property=\"article:publisher\" content=\"https:\/\/www.facebook.com\/polycliniqueplus\" \/>\n<meta property=\"article:published_time\" content=\"2018-07-20T10:20:46+00:00\" \/>\n<meta property=\"article:modified_time\" content=\"2023-01-19T14:27:55+00:00\" \/>\n<meta property=\"og:image\" content=\"https:\/\/www.polycliniqueplus.com\/wp-content\/uploads\/2018\/07\/Tyra-banks.jpg\" \/>\n<meta name=\"author\" content=\"Mirna\" \/>\n<meta name=\"twitter:card\" content=\"summary_large_image\" \/>\n<meta name=\"twitter:creator\" content=\"@polyclinique1\" \/>\n<meta name=\"twitter:site\" content=\"@polyclinique1\" \/>\n<meta name=\"twitter:label1\" content=\"Verfasst von\" \/>\n\t<meta name=\"twitter:data1\" content=\"Mirna\" \/>\n\t<meta name=\"twitter:label2\" content=\"Gesch\u00e4tzte Lesezeit\" \/>\n\t<meta name=\"twitter:data2\" content=\"3\u00a0Minuten\" \/>\n<script type=\"application\/ld+json\" class=\"yoast-schema-graph\">{\"@context\":\"https:\\\/\\\/schema.org\",\"@graph\":[{\"@type\":\"Article\",\"@id\":\"https:\\\/\\\/www.polycliniqueplus.com\\\/de\\\/blog\\\/tyra-banks-schoenheitschirurgie\\\/#article\",\"isPartOf\":{\"@id\":\"https:\\\/\\\/www.polycliniqueplus.com\\\/de\\\/blog\\\/tyra-banks-schoenheitschirurgie\\\/\"},\"author\":{\"name\":\"Mirna\",\"@id\":\"https:\\\/\\\/www.polycliniqueplus.com\\\/de\\\/#\\\/schema\\\/person\\\/0525a0bd10c537b179c46d27f9a7ddfe\"},\"headline\":\"Tyra Banks verteidigt ihre Nasenkorrektur auf gewagte Weise\",\"datePublished\":\"2018-07-20T10:20:46+00:00\",\"dateModified\":\"2023-01-19T14:27:55+00:00\",\"mainEntityOfPage\":{\"@id\":\"https:\\\/\\\/www.polycliniqueplus.com\\\/de\\\/blog\\\/tyra-banks-schoenheitschirurgie\\\/\"},\"wordCount\":456,\"publisher\":{\"@id\":\"https:\\\/\\\/www.polycliniqueplus.com\\\/de\\\/#organization\"},\"image\":{\"@id\":\"https:\\\/\\\/www.polycliniqueplus.com\\\/de\\\/blog\\\/tyra-banks-schoenheitschirurgie\\\/#primaryimage\"},\"thumbnailUrl\":\"https:\\\/\\\/www.polycliniqueplus.com\\\/wp-content\\\/uploads\\\/2018\\\/07\\\/Tyra-banks.jpg\",\"keywords\":[\"Rhinoplastik\"],\"articleSection\":[\"Rhinoplastik\",\"Wohlbefinden\"],\"inLanguage\":\"de\"},{\"@type\":\"WebPage\",\"@id\":\"https:\\\/\\\/www.polycliniqueplus.com\\\/de\\\/blog\\\/tyra-banks-schoenheitschirurgie\\\/\",\"url\":\"https:\\\/\\\/www.polycliniqueplus.com\\\/de\\\/blog\\\/tyra-banks-schoenheitschirurgie\\\/\",\"name\":\"Tyra Banks verteidigt ihre Sch\u00f6nheitsoperation auf gewagte Weise\",\"isPartOf\":{\"@id\":\"https:\\\/\\\/www.polycliniqueplus.com\\\/de\\\/#website\"},\"primaryImageOfPage\":{\"@id\":\"https:\\\/\\\/www.polycliniqueplus.com\\\/de\\\/blog\\\/tyra-banks-schoenheitschirurgie\\\/#primaryimage\"},\"image\":{\"@id\":\"https:\\\/\\\/www.polycliniqueplus.com\\\/de\\\/blog\\\/tyra-banks-schoenheitschirurgie\\\/#primaryimage\"},\"thumbnailUrl\":\"https:\\\/\\\/www.polycliniqueplus.com\\\/wp-content\\\/uploads\\\/2018\\\/07\\\/Tyra-banks.jpg\",\"datePublished\":\"2018-07-20T10:20:46+00:00\",\"dateModified\":\"2023-01-19T14:27:55+00:00\",\"breadcrumb\":{\"@id\":\"https:\\\/\\\/www.polycliniqueplus.com\\\/de\\\/blog\\\/tyra-banks-schoenheitschirurgie\\\/#breadcrumb\"},\"inLanguage\":\"de\",\"potentialAction\":[{\"@type\":\"ReadAction\",\"target\":[\"https:\\\/\\\/www.polycliniqueplus.com\\\/de\\\/blog\\\/tyra-banks-schoenheitschirurgie\\\/\"]}]},{\"@type\":\"ImageObject\",\"inLanguage\":\"de\",\"@id\":\"https:\\\/\\\/www.polycliniqueplus.com\\\/de\\\/blog\\\/tyra-banks-schoenheitschirurgie\\\/#primaryimage\",\"url\":\"https:\\\/\\\/www.polycliniqueplus.com\\\/wp-content\\\/uploads\\\/2018\\\/07\\\/Tyra-banks.jpg\",\"contentUrl\":\"https:\\\/\\\/www.polycliniqueplus.com\\\/wp-content\\\/uploads\\\/2018\\\/07\\\/Tyra-banks.jpg\"},{\"@type\":\"BreadcrumbList\",\"@id\":\"https:\\\/\\\/www.polycliniqueplus.com\\\/de\\\/blog\\\/tyra-banks-schoenheitschirurgie\\\/#breadcrumb\",\"itemListElement\":[{\"@type\":\"ListItem\",\"position\":1,\"name\":\"Accueil\",\"item\":\"https:\\\/\\\/www.polycliniqueplus.com\\\/de\\\/\"},{\"@type\":\"ListItem\",\"position\":2,\"name\":\"Tyra Banks verteidigt ihre Nasenkorrektur auf gewagte Weise\"}]},{\"@type\":\"WebSite\",\"@id\":\"https:\\\/\\\/www.polycliniqueplus.com\\\/de\\\/#website\",\"url\":\"https:\\\/\\\/www.polycliniqueplus.com\\\/de\\\/\",\"name\":\"Chirurgie esthetique Turquie : Prix interventions meilleures cliniques Istanbul\",\"description\":\"Chirurgie esthetique Turquie prix pas cher\",\"publisher\":{\"@id\":\"https:\\\/\\\/www.polycliniqueplus.com\\\/de\\\/#organization\"},\"potentialAction\":[{\"@type\":\"SearchAction\",\"target\":{\"@type\":\"EntryPoint\",\"urlTemplate\":\"https:\\\/\\\/www.polycliniqueplus.com\\\/de\\\/?s={search_term_string}\"},\"query-input\":{\"@type\":\"PropertyValueSpecification\",\"valueRequired\":true,\"valueName\":\"search_term_string\"}}],\"inLanguage\":\"de\"},{\"@type\":\"Organization\",\"@id\":\"https:\\\/\\\/www.polycliniqueplus.com\\\/de\\\/#organization\",\"name\":\"Polycliniqueplus chirurgie esthetique Turquie\",\"url\":\"https:\\\/\\\/www.polycliniqueplus.com\\\/de\\\/\",\"logo\":{\"@type\":\"ImageObject\",\"inLanguage\":\"de\",\"@id\":\"https:\\\/\\\/www.polycliniqueplus.com\\\/de\\\/#\\\/schema\\\/logo\\\/image\\\/\",\"url\":\"https:\\\/\\\/www.polycliniqueplus.com\\\/wp-content\\\/uploads\\\/2021\\\/03\\\/cropped-add-box-fill.png\",\"contentUrl\":\"https:\\\/\\\/www.polycliniqueplus.com\\\/wp-content\\\/uploads\\\/2021\\\/03\\\/cropped-add-box-fill.png\",\"width\":512,\"height\":512,\"caption\":\"Polycliniqueplus chirurgie esthetique Turquie\"},\"image\":{\"@id\":\"https:\\\/\\\/www.polycliniqueplus.com\\\/de\\\/#\\\/schema\\\/logo\\\/image\\\/\"},\"sameAs\":[\"https:\\\/\\\/www.facebook.com\\\/polycliniqueplus\",\"https:\\\/\\\/x.com\\\/polyclinique1\",\"https:\\\/\\\/www.youtube.com\\\/channel\\\/UCAnK3TORJqflIuYGFa-JQDw\"]},{\"@type\":\"Person\",\"@id\":\"https:\\\/\\\/www.polycliniqueplus.com\\\/de\\\/#\\\/schema\\\/person\\\/0525a0bd10c537b179c46d27f9a7ddfe\",\"name\":\"Mirna\",\"image\":{\"@type\":\"ImageObject\",\"inLanguage\":\"de\",\"@id\":\"https:\\\/\\\/secure.gravatar.com\\\/avatar\\\/a66d15ec76051205756db13372446db97237a4727517044f67012dd173d87cab?s=96&d=mm&r=g\",\"url\":\"https:\\\/\\\/secure.gravatar.com\\\/avatar\\\/a66d15ec76051205756db13372446db97237a4727517044f67012dd173d87cab?s=96&d=mm&r=g\",\"contentUrl\":\"https:\\\/\\\/secure.gravatar.com\\\/avatar\\\/a66d15ec76051205756db13372446db97237a4727517044f67012dd173d87cab?s=96&d=mm&r=g\",\"caption\":\"Mirna\"},\"url\":\"https:\\\/\\\/www.polycliniqueplus.com\\\/de\\\/blog\\\/author\\\/polyclin_pluscom\\\/\"}]}<\/script>\n<!-- \/ Yoast SEO plugin. -->","yoast_head_json":{"title":"Tyra Banks verteidigt ihre Sch\u00f6nheitsoperation auf gewagte Weise","robots":{"index":"index","follow":"follow","max-snippet":"max-snippet:-1","max-image-preview":"max-image-preview:large","max-video-preview":"max-video-preview:-1"},"canonical":"https:\/\/www.polycliniqueplus.com\/de\/blog\/tyra-banks-schoenheitschirurgie\/","og_locale":"de_DE","og_type":"article","og_title":"Tyra Banks verteidigt ihre Sch\u00f6nheitsoperation auf gewagte Weise","og_description":"Tyra Banks hatte eine Nasenkorrektur zu Beginn ihrer Modelkarriere und sie besitzt ihn heute. In einem neuen Interview sagt die 44-j\u00e4hrige Gastgeberin und ausf\u00fchrende Produzentin von Amerikas &#8222;Next Top Model&#8220;: &#8222;Ich gebe es zu! Falsche Haare, und ich habe meine Nase gemacht. Ich f\u00fchle, dass ich die Verantwortung habe, die Wahrheit zu sagen. &#8222;W\u00e4hrend einige [&hellip;]","og_url":"https:\/\/www.polycliniqueplus.com\/de\/blog\/tyra-banks-schoenheitschirurgie\/","og_site_name":"Chirurgie esthetique Turquie : Prix interventions meilleures cliniques Istanbul","article_publisher":"https:\/\/www.facebook.com\/polycliniqueplus","article_published_time":"2018-07-20T10:20:46+00:00","article_modified_time":"2023-01-19T14:27:55+00:00","og_image":[{"url":"https:\/\/www.polycliniqueplus.com\/wp-content\/uploads\/2018\/07\/Tyra-banks.jpg","type":"","width":"","height":""}],"author":"Mirna","twitter_card":"summary_large_image","twitter_creator":"@polyclinique1","twitter_site":"@polyclinique1","twitter_misc":{"Verfasst von":"Mirna","Gesch\u00e4tzte Lesezeit":"3\u00a0Minuten"},"schema":{"@context":"https:\/\/schema.org","@graph":[{"@type":"Article","@id":"https:\/\/www.polycliniqueplus.com\/de\/blog\/tyra-banks-schoenheitschirurgie\/#article","isPartOf":{"@id":"https:\/\/www.polycliniqueplus.com\/de\/blog\/tyra-banks-schoenheitschirurgie\/"},"author":{"name":"Mirna","@id":"https:\/\/www.polycliniqueplus.com\/de\/#\/schema\/person\/0525a0bd10c537b179c46d27f9a7ddfe"},"headline":"Tyra Banks verteidigt ihre Nasenkorrektur auf gewagte Weise","datePublished":"2018-07-20T10:20:46+00:00","dateModified":"2023-01-19T14:27:55+00:00","mainEntityOfPage":{"@id":"https:\/\/www.polycliniqueplus.com\/de\/blog\/tyra-banks-schoenheitschirurgie\/"},"wordCount":456,"publisher":{"@id":"https:\/\/www.polycliniqueplus.com\/de\/#organization"},"image":{"@id":"https:\/\/www.polycliniqueplus.com\/de\/blog\/tyra-banks-schoenheitschirurgie\/#primaryimage"},"thumbnailUrl":"https:\/\/www.polycliniqueplus.com\/wp-content\/uploads\/2018\/07\/Tyra-banks.jpg","keywords":["Rhinoplastik"],"articleSection":["Rhinoplastik","Wohlbefinden"],"inLanguage":"de"},{"@type":"WebPage","@id":"https:\/\/www.polycliniqueplus.com\/de\/blog\/tyra-banks-schoenheitschirurgie\/","url":"https:\/\/www.polycliniqueplus.com\/de\/blog\/tyra-banks-schoenheitschirurgie\/","name":"Tyra Banks verteidigt ihre Sch\u00f6nheitsoperation auf gewagte Weise","isPartOf":{"@id":"https:\/\/www.polycliniqueplus.com\/de\/#website"},"primaryImageOfPage":{"@id":"https:\/\/www.polycliniqueplus.com\/de\/blog\/tyra-banks-schoenheitschirurgie\/#primaryimage"},"image":{"@id":"https:\/\/www.polycliniqueplus.com\/de\/blog\/tyra-banks-schoenheitschirurgie\/#primaryimage"},"thumbnailUrl":"https:\/\/www.polycliniqueplus.com\/wp-content\/uploads\/2018\/07\/Tyra-banks.jpg","datePublished":"2018-07-20T10:20:46+00:00","dateModified":"2023-01-19T14:27:55+00:00","breadcrumb":{"@id":"https:\/\/www.polycliniqueplus.com\/de\/blog\/tyra-banks-schoenheitschirurgie\/#breadcrumb"},"inLanguage":"de","potentialAction":[{"@type":"ReadAction","target":["https:\/\/www.polycliniqueplus.com\/de\/blog\/tyra-banks-schoenheitschirurgie\/"]}]},{"@type":"ImageObject","inLanguage":"de","@id":"https:\/\/www.polycliniqueplus.com\/de\/blog\/tyra-banks-schoenheitschirurgie\/#primaryimage","url":"https:\/\/www.polycliniqueplus.com\/wp-content\/uploads\/2018\/07\/Tyra-banks.jpg","contentUrl":"https:\/\/www.polycliniqueplus.com\/wp-content\/uploads\/2018\/07\/Tyra-banks.jpg"},{"@type":"BreadcrumbList","@id":"https:\/\/www.polycliniqueplus.com\/de\/blog\/tyra-banks-schoenheitschirurgie\/#breadcrumb","itemListElement":[{"@type":"ListItem","position":1,"name":"Accueil","item":"https:\/\/www.polycliniqueplus.com\/de\/"},{"@type":"ListItem","position":2,"name":"Tyra Banks verteidigt ihre Nasenkorrektur auf gewagte Weise"}]},{"@type":"WebSite","@id":"https:\/\/www.polycliniqueplus.com\/de\/#website","url":"https:\/\/www.polycliniqueplus.com\/de\/","name":"Chirurgie esthetique Turquie : Prix interventions meilleures cliniques Istanbul","description":"Chirurgie esthetique Turquie prix pas cher","publisher":{"@id":"https:\/\/www.polycliniqueplus.com\/de\/#organization"},"potentialAction":[{"@type":"SearchAction","target":{"@type":"EntryPoint","urlTemplate":"https:\/\/www.polycliniqueplus.com\/de\/?s={search_term_string}"},"query-input":{"@type":"PropertyValueSpecification","valueRequired":true,"valueName":"search_term_string"}}],"inLanguage":"de"},{"@type":"Organization","@id":"https:\/\/www.polycliniqueplus.com\/de\/#organization","name":"Polycliniqueplus chirurgie esthetique Turquie","url":"https:\/\/www.polycliniqueplus.com\/de\/","logo":{"@type":"ImageObject","inLanguage":"de","@id":"https:\/\/www.polycliniqueplus.com\/de\/#\/schema\/logo\/image\/","url":"https:\/\/www.polycliniqueplus.com\/wp-content\/uploads\/2021\/03\/cropped-add-box-fill.png","contentUrl":"https:\/\/www.polycliniqueplus.com\/wp-content\/uploads\/2021\/03\/cropped-add-box-fill.png","width":512,"height":512,"caption":"Polycliniqueplus chirurgie esthetique Turquie"},"image":{"@id":"https:\/\/www.polycliniqueplus.com\/de\/#\/schema\/logo\/image\/"},"sameAs":["https:\/\/www.facebook.com\/polycliniqueplus","https:\/\/x.com\/polyclinique1","https:\/\/www.youtube.com\/channel\/UCAnK3TORJqflIuYGFa-JQDw"]},{"@type":"Person","@id":"https:\/\/www.polycliniqueplus.com\/de\/#\/schema\/person\/0525a0bd10c537b179c46d27f9a7ddfe","name":"Mirna","image":{"@type":"ImageObject","inLanguage":"de","@id":"https:\/\/secure.gravatar.com\/avatar\/a66d15ec76051205756db13372446db97237a4727517044f67012dd173d87cab?s=96&d=mm&r=g","url":"https:\/\/secure.gravatar.com\/avatar\/a66d15ec76051205756db13372446db97237a4727517044f67012dd173d87cab?s=96&d=mm&r=g","contentUrl":"https:\/\/secure.gravatar.com\/avatar\/a66d15ec76051205756db13372446db97237a4727517044f67012dd173d87cab?s=96&d=mm&r=g","caption":"Mirna"},"url":"https:\/\/www.polycliniqueplus.com\/de\/blog\/author\/polyclin_pluscom\/"}]}},"_links":{"self":[{"href":"https:\/\/www.polycliniqueplus.com\/de\/wp-json\/wp\/v2\/posts\/14914","targetHints":{"allow":["GET"]}}],"collection":[{"href":"https:\/\/www.polycliniqueplus.com\/de\/wp-json\/wp\/v2\/posts"}],"about":[{"href":"https:\/\/www.polycliniqueplus.com\/de\/wp-json\/wp\/v2\/types\/post"}],"author":[{"embeddable":true,"href":"https:\/\/www.polycliniqueplus.com\/de\/wp-json\/wp\/v2\/users\/1"}],"replies":[{"embeddable":true,"href":"https:\/\/www.polycliniqueplus.com\/de\/wp-json\/wp\/v2\/comments?post=14914"}],"version-history":[{"count":1,"href":"https:\/\/www.polycliniqueplus.com\/de\/wp-json\/wp\/v2\/posts\/14914\/revisions"}],"predecessor-version":[{"id":14923,"href":"https:\/\/www.polycliniqueplus.com\/de\/wp-json\/wp\/v2\/posts\/14914\/revisions\/14923"}],"wp:attachment":[{"href":"https:\/\/www.polycliniqueplus.com\/de\/wp-json\/wp\/v2\/media?parent=14914"}],"wp:term":[{"taxonomy":"category","embeddable":true,"href":"https:\/\/www.polycliniqueplus.com\/de\/wp-json\/wp\/v2\/categories?post=14914"},{"taxonomy":"post_tag","embeddable":true,"href":"https:\/\/www.polycliniqueplus.com\/de\/wp-json\/wp\/v2\/tags?post=14914"}],"curies":[{"name":"wp","href":"https:\/\/api.w.org\/{rel}","templated":true}]}}