{"id":14550,"date":"2017-09-20T08:28:01","date_gmt":"2017-09-20T06:28:01","guid":{"rendered":"https:\/\/www.polycliniqueplus.com\/blog\/trump-schlaegt-in-seiner-rede-vor-der-generalversammlung-der-vereinten-nationen-einen-kriegerischen-ton-ueber-nordkorea-an\/"},"modified":"2023-01-19T10:11:50","modified_gmt":"2023-01-19T09:11:50","slug":"trump-bei-der-generalversammlung","status":"publish","type":"post","link":"https:\/\/www.polycliniqueplus.com\/de\/blog\/trump-bei-der-generalversammlung\/","title":{"rendered":"Trump schl\u00e4gt in seiner Rede vor der Generalversammlung der Vereinten Nationen einen kriegerischen Ton \u00fcber Nordkorea an."},"content":{"rendered":"<p><strong>US-Pr\u00e4sident Donald Trump erkl\u00e4rte am Dienstag, dass die USA gezwungen sein werden, Nordkorea &#8222;vollst\u00e4ndig zu zerst\u00f6ren&#8220;, wenn Pj\u00f6ngjang nicht auf seine nukleare Herausforderung verzichtet, und verh\u00f6hnte den nordkoreanischen F\u00fchrer Kim Jong Un als &#8222;Herd&#8220; eines Selbstmordkommandos.<\/strong>&gt;<\/p>\n<p><noscript><img fetchpriority=\"high\" decoding=\"async\" class=\"aligncenter wp-image-1117\" src=\"https:\/\/www.polycliniqueplus.com\/wp-content\/uploads\/2017\/09\/Trump.jpg\" alt=\"Trump vs. Kim\" width=\"544\" height=\"308\"><\/noscript><img fetchpriority=\"high\" decoding=\"async\" class=\"aligncenter wp-image-1117 lazyload\" src=\"data:image\/svg+xml,%3Csvg%20xmlns%3D%22http%3A%2F%2Fwww.w3.org%2F2000%2Fsvg%22%20viewBox%3D%220%200%20544%20308%22%3E%3C%2Fsvg%3E\" alt=\"Trump vs. Kim\" width=\"544\" height=\"308\" data-src=\"https:\/\/www.polycliniqueplus.com\/wp-content\/uploads\/2017\/09\/Trump.jpg\">.<\/p>\n<p>Schweres Gemurmel erf\u00fcllte die UNO mit gr\u00fcnem Marmor. Als Trump seine letzte Warnung an Nordkorea aussprach, dessen ballistische Raketenstarts und Atomtests die Welt ersch\u00fcttert haben, sagte er: &#8222;Wir werden keine andere Wahl haben, als Nordkorea vollst\u00e4ndig zu zerst\u00f6ren, wenn Nordkorea nicht zur\u00fcckweicht&#8220;, und f\u00fcgte hinzu: &#8222;Wir haben keine andere Wahl, als Nordkorea vollst\u00e4ndig zu zerst\u00f6ren.<br>\n&#8222;Der Raketenmann befindet sich auf einer Selbstmordmission f\u00fcr sich und sein Regime&#8220;, sagte er. Die nordkoreanische UN-Vertretung reagierte nicht sofort auf eine Bitte um Stellungnahme zu Trump. Die nordkoreanische Juniordiplomatin blieb w\u00e4hrend Trumps Rede im Delegationssitz, wie die nordkoreanische UN-Vertretung mitteilte.<br>\nBei seinem ersten Auftritt beim j\u00e4hrlichen Treffen der Weltf\u00fchrer nutzte der Pr\u00e4sident eine 41-min\u00fctige Rede, um auch auf Irans nukleare Ambitionen und regionalen Einfluss, Venezuelas zusammenbrechende Demokratie und die Bedrohung durch islamistische Extremisten abzuzielen. <noscript><img decoding=\"async\" class=\"aligncenter wp-image-1118\" src=\"https:\/\/www.polycliniqueplus.com\/wp-content\/uploads\/2017\/09\/Trump20171.jpg\" alt=\"Trump 2017\" width=\"549\" height=\"315\"><\/noscript><img decoding=\"async\" class=\"aligncenter wp-image-1118 lazyload\" src=\"data:image\/svg+xml,%3Csvg%20xmlns%3D%22http%3A%2F%2Fwww.w3.org%2F2000%2Fsvg%22%20viewBox%3D%220%200%20549%20315%22%3E%3C%2Fsvg%3E\" alt=\"Trump 2017\" width=\"549\" height=\"315\" data-src=\"https:\/\/www.polycliniqueplus.com\/wp-content\/uploads\/2017\/09\/Trump20171.jpg\"> Er kritisierte auch die kubanische Regierung. Seine st\u00e4rksten Worte waren jedoch auf Nordkorea gerichtet. Er forderte die Mitgliedstaaten der Vereinten Nationen auf, zusammenzuarbeiten, um die Regierung Kim zu isolieren, bis sie ihr &#8222;feindseliges&#8220; Verhalten einstelle. Er sagte, dass Nordkoreas Verfolgung von Atomwaffen und ballistischen Raketen &#8222;die ganze Welt mit unvorstellbaren Kosten f\u00fcr Menschenleben bedroht&#8220;.<br>\nIn einem verschleierten Produkt an China, den wichtigsten Handelspartner des Nordens, sagte Trump: &#8222;Es ist eine Unversch\u00e4mtheit, dass einige Nationen nicht nur mit einem solchen Regime handeln, sondern auch ein Land unterst\u00fctzen, beliefern und finanziell f\u00f6rdern, das die Welt mit einem Atomkonflikt gef\u00e4hrdet&#8220;.<br>\nIn Bezug auf den Iran bezeichnete Trump das von seinem Vorg\u00e4nger Barack Obama ausgehandelte Atomabkommen von 2015 als eine Blamage und deutete an, dass er das Abkommen nicht zertifizieren kann, wenn es um eine Frist bis Mitte Oktober geht.<br>\n&#8222;Ich glaube nicht, dass ich den letzten geh\u00f6rt habe&#8220;, sagte er. <noscript><img decoding=\"async\" class=\"aligncenter wp-image-1118\" src=\"https:\/\/www.polycliniqueplus.com\/wp-content\/uploads\/2017\/09\/Trump2017.jpg\" alt=\"Donald Trump\" width=\"587\" height=\"335\"><\/noscript><img decoding=\"async\" class=\"aligncenter wp-image-1118 lazyload\" src=\"data:image\/svg+xml,%3Csvg%20xmlns%3D%22http%3A%2F%2Fwww.w3.org%2F2000%2Fsvg%22%20viewBox%3D%220%200%20587%20335%22%3E%3C%2Fsvg%3E\" alt=\"Donald Trump\" width=\"587\" height=\"335\" data-src=\"https:\/\/www.polycliniqueplus.com\/wp-content\/uploads\/2017\/09\/Trump2017.jpg\"> Er bezeichnete den Iran als einen &#8222;wirtschaftlich ersch\u00f6pften, entfesselten Staat&#8220;, der Gewalt exportiere.<br>\nDie Rede war sein letzter Versuch, seine Vision des ersten Amerikas f\u00fcr eine amerikanische Au\u00dfenpolitik darzulegen, die darauf abzielt, globale B\u00fcrokratien abzubauen, Allianzen auf gemeinsamen Interessen zu gr\u00fcnden und Washingtons Bem\u00fchungen im Ausland beiseite zu schieben.<br>\nTrump, der vor acht Monaten ins Wei\u00dfe Haus eingezogen war, erkl\u00e4rte den Weltf\u00fchrern der Weltorganisation von 193, dass die Vereinigten Staaten nicht versuchen w\u00fcrden, anderen Nationen ihren Willen aufzuzwingen, und die Souver\u00e4nit\u00e4t anderer L\u00e4nder respektieren w\u00fcrden. &#8222;Ich werde Amerikas Interessen zuallererst verteidigen&#8220;, wird er erkl\u00e4rt haben. &#8222;Aber bei der Erf\u00fcllung unserer Verpflichtungen gegen\u00fcber anderen Nationen erkennen wir, dass es im Interesse aller ist, eine Zukunft anzustreben, in der alle Nationen souver\u00e4n, wohlhabend und sicher sein k\u00f6nnen.&#8220; Beim aufmerksamen Lesen eines Skripts sagte Trump, dass die US-Armee bald die st\u00e4rkste sein werde, die sie je gewesen sei. In Bezug auf Venezuela bezeichnete Trump die zusammengebrochene Situation als &#8222;v\u00f6llig inakzeptabel&#8220; und sagte, die USA k\u00f6nnten es sich nicht gem\u00fctlich machen und zuschauen. Er warnte, dass die USA weitere Ma\u00dfnahmen in Betracht z\u00f6gen. &#8222;Wir k\u00f6nnen nicht einfach stillstehen und zuschauen&#8220;, sagte er. Kurz vor Trumps Rede legte UN-Generalsekret\u00e4r Antonio Guterres bei der Botschaft der Generalversammlung Berufung gegen die Politik des Staates ein, um einen Krieg mit Nordkorea zu verhindern.<br>\n<noscript><img loading=\"lazy\" decoding=\"async\" class=\"aligncenter wp-image-1121\" src=\"https:\/\/www.polycliniqueplus.com\/wp-content\/uploads\/2017\/09\/Antonio-Guterres.jpg\" alt=\"Antonio Guterres\" width=\"443\" height=\"295\"><\/noscript><img loading=\"lazy\" decoding=\"async\" class=\"aligncenter wp-image-1121 lazyload\" src=\"data:image\/svg+xml,%3Csvg%20xmlns%3D%22http%3A%2F%2Fwww.w3.org%2F2000%2Fsvg%22%20viewBox%3D%220%200%20443%20295%22%3E%3C%2Fsvg%3E\" alt=\"Antonio Guterres\" width=\"443\" height=\"295\" data-src=\"https:\/\/www.polycliniqueplus.com\/wp-content\/uploads\/2017\/09\/Antonio-Guterres.jpg\"> <\/p>\n<p>&#8222;Dies ist die Zeit des Generalstabs&#8220;, sagte der ehemalige Premierminister Portugals. &#8222;Wir d\u00fcrfen uns nicht zum Krieg \u00fcbergehen lassen&#8220;.<br>\nDer UN-Sicherheitsrat hat seit 2006 einstimmig neun Sanktionsstopps gegen Nordkorea verh\u00e4ngt und Guterres appellierte, dass das 15-k\u00f6pfige Gremium seine Einheit in Bezug auf Nordkorea aufrechterhalten solle.<br>\nTrump warnte Nordkorea, dass milit\u00e4rische Ma\u00dfnahmen eine Option f\u00fcr die USA seien, w\u00e4hrend Pj\u00f6ngjang eine Reihe von Tests durchf\u00fchrte, um die F\u00e4higkeit zu entwickeln, die USA mit einer Atomrakete ins Visier zu nehmen.<br>\nDie Finanzm\u00e4rkte zeigten wenig Reaktion auf Trumps Rede, da die meisten wichtigen Verm\u00f6genswerte in der N\u00e4he der unver\u00e4nderten Tagesmarke lagen.<\/p>\n","protected":false},"excerpt":{"rendered":"<p>US-Pr\u00e4sident Donald Trump erkl\u00e4rte am Dienstag, dass die USA gezwungen sein werden, Nordkorea &#8222;vollst\u00e4ndig zu zerst\u00f6ren&#8220;, wenn Pj\u00f6ngjang nicht auf seine nukleare Herausforderung verzichtet, und verh\u00f6hnte den nordkoreanischen F\u00fchrer Kim Jong Un als &#8222;Herd&#8220; eines Selbstmordkommandos.&gt; . Schweres Gemurmel erf\u00fcllte die UNO mit gr\u00fcnem Marmor. Als Trump seine letzte Warnung an Nordkorea aussprach, dessen ballistische [&hellip;]<\/p>\n","protected":false},"author":1,"featured_media":12806,"comment_status":"closed","ping_status":"open","sticky":false,"template":"","format":"standard","meta":{"footnotes":""},"categories":[280],"tags":[],"class_list":["post-14550","post","type-post","status-publish","format-standard","has-post-thumbnail","hentry","category-news"],"yoast_head":"<!-- This site is optimized with the Yoast SEO plugin v27.3 - https:\/\/yoast.com\/product\/yoast-seo-wordpress\/ -->\n<title>Trump verspricht, Nordkorea &quot;vollst\u00e4ndig zu zerst\u00f6ren&quot;.<\/title>\n<meta name=\"description\" content=\"Donald Trump verurteilte Nordkorea und erkl\u00e4rte sich bereit, das Land vollst\u00e4ndig zu zerst\u00f6ren, wenn es weiterhin an seinen Atompl\u00e4nen festh\u00e4lt.\" \/>\n<meta name=\"robots\" content=\"index, follow, max-snippet:-1, max-image-preview:large, max-video-preview:-1\" \/>\n<link rel=\"canonical\" href=\"https:\/\/www.polycliniqueplus.com\/de\/blog\/trump-bei-der-generalversammlung\/\" \/>\n<meta property=\"og:locale\" content=\"de_DE\" \/>\n<meta property=\"og:type\" content=\"article\" \/>\n<meta property=\"og:title\" content=\"Trump verspricht, Nordkorea &quot;vollst\u00e4ndig zu zerst\u00f6ren&quot;.\" \/>\n<meta property=\"og:description\" content=\"Donald Trump verurteilte Nordkorea und erkl\u00e4rte sich bereit, das Land vollst\u00e4ndig zu zerst\u00f6ren, wenn es weiterhin an seinen Atompl\u00e4nen festh\u00e4lt.\" \/>\n<meta property=\"og:url\" content=\"https:\/\/www.polycliniqueplus.com\/de\/blog\/trump-bei-der-generalversammlung\/\" \/>\n<meta property=\"og:site_name\" content=\"Chirurgie esthetique Turquie : Prix interventions meilleures cliniques Istanbul\" \/>\n<meta property=\"article:publisher\" content=\"https:\/\/www.facebook.com\/polycliniqueplus\" \/>\n<meta property=\"article:published_time\" content=\"2017-09-20T06:28:01+00:00\" \/>\n<meta property=\"article:modified_time\" content=\"2023-01-19T09:11:50+00:00\" \/>\n<meta property=\"og:image\" content=\"https:\/\/www.polycliniqueplus.com\/wp-content\/uploads\/2017\/09\/Trump20172-2.jpg\" \/>\n\t<meta property=\"og:image:width\" content=\"1084\" \/>\n\t<meta property=\"og:image:height\" content=\"600\" \/>\n\t<meta property=\"og:image:type\" content=\"image\/jpeg\" \/>\n<meta name=\"author\" content=\"Mirna\" \/>\n<meta name=\"twitter:card\" content=\"summary_large_image\" \/>\n<meta name=\"twitter:creator\" content=\"@polyclinique1\" \/>\n<meta name=\"twitter:site\" content=\"@polyclinique1\" \/>\n<meta name=\"twitter:label1\" content=\"Verfasst von\" \/>\n\t<meta name=\"twitter:data1\" content=\"Mirna\" \/>\n\t<meta name=\"twitter:label2\" content=\"Gesch\u00e4tzte Lesezeit\" \/>\n\t<meta name=\"twitter:data2\" content=\"4\u00a0Minuten\" \/>\n<script type=\"application\/ld+json\" class=\"yoast-schema-graph\">{\"@context\":\"https:\\\/\\\/schema.org\",\"@graph\":[{\"@type\":\"Article\",\"@id\":\"https:\\\/\\\/www.polycliniqueplus.com\\\/de\\\/blog\\\/trump-bei-der-generalversammlung\\\/#article\",\"isPartOf\":{\"@id\":\"https:\\\/\\\/www.polycliniqueplus.com\\\/de\\\/blog\\\/trump-bei-der-generalversammlung\\\/\"},\"author\":{\"name\":\"Mirna\",\"@id\":\"https:\\\/\\\/www.polycliniqueplus.com\\\/de\\\/#\\\/schema\\\/person\\\/0525a0bd10c537b179c46d27f9a7ddfe\"},\"headline\":\"Trump schl\u00e4gt in seiner Rede vor der Generalversammlung der Vereinten Nationen einen kriegerischen Ton \u00fcber Nordkorea an.\",\"datePublished\":\"2017-09-20T06:28:01+00:00\",\"dateModified\":\"2023-01-19T09:11:50+00:00\",\"mainEntityOfPage\":{\"@id\":\"https:\\\/\\\/www.polycliniqueplus.com\\\/de\\\/blog\\\/trump-bei-der-generalversammlung\\\/\"},\"wordCount\":712,\"publisher\":{\"@id\":\"https:\\\/\\\/www.polycliniqueplus.com\\\/de\\\/#organization\"},\"image\":{\"@id\":\"https:\\\/\\\/www.polycliniqueplus.com\\\/de\\\/blog\\\/trump-bei-der-generalversammlung\\\/#primaryimage\"},\"thumbnailUrl\":\"https:\\\/\\\/www.polycliniqueplus.com\\\/wp-content\\\/uploads\\\/2017\\\/09\\\/Trump20172-2.jpg\",\"articleSection\":[\"news\"],\"inLanguage\":\"de\"},{\"@type\":\"WebPage\",\"@id\":\"https:\\\/\\\/www.polycliniqueplus.com\\\/de\\\/blog\\\/trump-bei-der-generalversammlung\\\/\",\"url\":\"https:\\\/\\\/www.polycliniqueplus.com\\\/de\\\/blog\\\/trump-bei-der-generalversammlung\\\/\",\"name\":\"Trump verspricht, Nordkorea \\\"vollst\u00e4ndig zu zerst\u00f6ren\\\".\",\"isPartOf\":{\"@id\":\"https:\\\/\\\/www.polycliniqueplus.com\\\/de\\\/#website\"},\"primaryImageOfPage\":{\"@id\":\"https:\\\/\\\/www.polycliniqueplus.com\\\/de\\\/blog\\\/trump-bei-der-generalversammlung\\\/#primaryimage\"},\"image\":{\"@id\":\"https:\\\/\\\/www.polycliniqueplus.com\\\/de\\\/blog\\\/trump-bei-der-generalversammlung\\\/#primaryimage\"},\"thumbnailUrl\":\"https:\\\/\\\/www.polycliniqueplus.com\\\/wp-content\\\/uploads\\\/2017\\\/09\\\/Trump20172-2.jpg\",\"datePublished\":\"2017-09-20T06:28:01+00:00\",\"dateModified\":\"2023-01-19T09:11:50+00:00\",\"description\":\"Donald Trump verurteilte Nordkorea und erkl\u00e4rte sich bereit, das Land vollst\u00e4ndig zu zerst\u00f6ren, wenn es weiterhin an seinen Atompl\u00e4nen festh\u00e4lt.\",\"breadcrumb\":{\"@id\":\"https:\\\/\\\/www.polycliniqueplus.com\\\/de\\\/blog\\\/trump-bei-der-generalversammlung\\\/#breadcrumb\"},\"inLanguage\":\"de\",\"potentialAction\":[{\"@type\":\"ReadAction\",\"target\":[\"https:\\\/\\\/www.polycliniqueplus.com\\\/de\\\/blog\\\/trump-bei-der-generalversammlung\\\/\"]}]},{\"@type\":\"ImageObject\",\"inLanguage\":\"de\",\"@id\":\"https:\\\/\\\/www.polycliniqueplus.com\\\/de\\\/blog\\\/trump-bei-der-generalversammlung\\\/#primaryimage\",\"url\":\"https:\\\/\\\/www.polycliniqueplus.com\\\/wp-content\\\/uploads\\\/2017\\\/09\\\/Trump20172-2.jpg\",\"contentUrl\":\"https:\\\/\\\/www.polycliniqueplus.com\\\/wp-content\\\/uploads\\\/2017\\\/09\\\/Trump20172-2.jpg\",\"width\":1084,\"height\":600},{\"@type\":\"BreadcrumbList\",\"@id\":\"https:\\\/\\\/www.polycliniqueplus.com\\\/de\\\/blog\\\/trump-bei-der-generalversammlung\\\/#breadcrumb\",\"itemListElement\":[{\"@type\":\"ListItem\",\"position\":1,\"name\":\"Accueil\",\"item\":\"https:\\\/\\\/www.polycliniqueplus.com\\\/de\\\/\"},{\"@type\":\"ListItem\",\"position\":2,\"name\":\"Trump schl\u00e4gt in seiner Rede vor der Generalversammlung der Vereinten Nationen einen kriegerischen Ton \u00fcber Nordkorea an.\"}]},{\"@type\":\"WebSite\",\"@id\":\"https:\\\/\\\/www.polycliniqueplus.com\\\/de\\\/#website\",\"url\":\"https:\\\/\\\/www.polycliniqueplus.com\\\/de\\\/\",\"name\":\"Chirurgie esthetique Turquie : Prix interventions meilleures cliniques Istanbul\",\"description\":\"Chirurgie esthetique Turquie prix pas cher\",\"publisher\":{\"@id\":\"https:\\\/\\\/www.polycliniqueplus.com\\\/de\\\/#organization\"},\"potentialAction\":[{\"@type\":\"SearchAction\",\"target\":{\"@type\":\"EntryPoint\",\"urlTemplate\":\"https:\\\/\\\/www.polycliniqueplus.com\\\/de\\\/?s={search_term_string}\"},\"query-input\":{\"@type\":\"PropertyValueSpecification\",\"valueRequired\":true,\"valueName\":\"search_term_string\"}}],\"inLanguage\":\"de\"},{\"@type\":\"Organization\",\"@id\":\"https:\\\/\\\/www.polycliniqueplus.com\\\/de\\\/#organization\",\"name\":\"Polycliniqueplus chirurgie esthetique Turquie\",\"url\":\"https:\\\/\\\/www.polycliniqueplus.com\\\/de\\\/\",\"logo\":{\"@type\":\"ImageObject\",\"inLanguage\":\"de\",\"@id\":\"https:\\\/\\\/www.polycliniqueplus.com\\\/de\\\/#\\\/schema\\\/logo\\\/image\\\/\",\"url\":\"https:\\\/\\\/www.polycliniqueplus.com\\\/wp-content\\\/uploads\\\/2021\\\/03\\\/cropped-add-box-fill.png\",\"contentUrl\":\"https:\\\/\\\/www.polycliniqueplus.com\\\/wp-content\\\/uploads\\\/2021\\\/03\\\/cropped-add-box-fill.png\",\"width\":512,\"height\":512,\"caption\":\"Polycliniqueplus chirurgie esthetique Turquie\"},\"image\":{\"@id\":\"https:\\\/\\\/www.polycliniqueplus.com\\\/de\\\/#\\\/schema\\\/logo\\\/image\\\/\"},\"sameAs\":[\"https:\\\/\\\/www.facebook.com\\\/polycliniqueplus\",\"https:\\\/\\\/x.com\\\/polyclinique1\",\"https:\\\/\\\/www.youtube.com\\\/channel\\\/UCAnK3TORJqflIuYGFa-JQDw\"]},{\"@type\":\"Person\",\"@id\":\"https:\\\/\\\/www.polycliniqueplus.com\\\/de\\\/#\\\/schema\\\/person\\\/0525a0bd10c537b179c46d27f9a7ddfe\",\"name\":\"Mirna\",\"image\":{\"@type\":\"ImageObject\",\"inLanguage\":\"de\",\"@id\":\"https:\\\/\\\/secure.gravatar.com\\\/avatar\\\/a66d15ec76051205756db13372446db97237a4727517044f67012dd173d87cab?s=96&d=mm&r=g\",\"url\":\"https:\\\/\\\/secure.gravatar.com\\\/avatar\\\/a66d15ec76051205756db13372446db97237a4727517044f67012dd173d87cab?s=96&d=mm&r=g\",\"contentUrl\":\"https:\\\/\\\/secure.gravatar.com\\\/avatar\\\/a66d15ec76051205756db13372446db97237a4727517044f67012dd173d87cab?s=96&d=mm&r=g\",\"caption\":\"Mirna\"},\"url\":\"https:\\\/\\\/www.polycliniqueplus.com\\\/de\\\/blog\\\/author\\\/polyclin_pluscom\\\/\"}]}<\/script>\n<!-- \/ Yoast SEO plugin. -->","yoast_head_json":{"title":"Trump verspricht, Nordkorea \"vollst\u00e4ndig zu zerst\u00f6ren\".","description":"Donald Trump verurteilte Nordkorea und erkl\u00e4rte sich bereit, das Land vollst\u00e4ndig zu zerst\u00f6ren, wenn es weiterhin an seinen Atompl\u00e4nen festh\u00e4lt.","robots":{"index":"index","follow":"follow","max-snippet":"max-snippet:-1","max-image-preview":"max-image-preview:large","max-video-preview":"max-video-preview:-1"},"canonical":"https:\/\/www.polycliniqueplus.com\/de\/blog\/trump-bei-der-generalversammlung\/","og_locale":"de_DE","og_type":"article","og_title":"Trump verspricht, Nordkorea \"vollst\u00e4ndig zu zerst\u00f6ren\".","og_description":"Donald Trump verurteilte Nordkorea und erkl\u00e4rte sich bereit, das Land vollst\u00e4ndig zu zerst\u00f6ren, wenn es weiterhin an seinen Atompl\u00e4nen festh\u00e4lt.","og_url":"https:\/\/www.polycliniqueplus.com\/de\/blog\/trump-bei-der-generalversammlung\/","og_site_name":"Chirurgie esthetique Turquie : Prix interventions meilleures cliniques Istanbul","article_publisher":"https:\/\/www.facebook.com\/polycliniqueplus","article_published_time":"2017-09-20T06:28:01+00:00","article_modified_time":"2023-01-19T09:11:50+00:00","og_image":[{"width":1084,"height":600,"url":"https:\/\/www.polycliniqueplus.com\/wp-content\/uploads\/2017\/09\/Trump20172-2.jpg","type":"image\/jpeg"}],"author":"Mirna","twitter_card":"summary_large_image","twitter_creator":"@polyclinique1","twitter_site":"@polyclinique1","twitter_misc":{"Verfasst von":"Mirna","Gesch\u00e4tzte Lesezeit":"4\u00a0Minuten"},"schema":{"@context":"https:\/\/schema.org","@graph":[{"@type":"Article","@id":"https:\/\/www.polycliniqueplus.com\/de\/blog\/trump-bei-der-generalversammlung\/#article","isPartOf":{"@id":"https:\/\/www.polycliniqueplus.com\/de\/blog\/trump-bei-der-generalversammlung\/"},"author":{"name":"Mirna","@id":"https:\/\/www.polycliniqueplus.com\/de\/#\/schema\/person\/0525a0bd10c537b179c46d27f9a7ddfe"},"headline":"Trump schl\u00e4gt in seiner Rede vor der Generalversammlung der Vereinten Nationen einen kriegerischen Ton \u00fcber Nordkorea an.","datePublished":"2017-09-20T06:28:01+00:00","dateModified":"2023-01-19T09:11:50+00:00","mainEntityOfPage":{"@id":"https:\/\/www.polycliniqueplus.com\/de\/blog\/trump-bei-der-generalversammlung\/"},"wordCount":712,"publisher":{"@id":"https:\/\/www.polycliniqueplus.com\/de\/#organization"},"image":{"@id":"https:\/\/www.polycliniqueplus.com\/de\/blog\/trump-bei-der-generalversammlung\/#primaryimage"},"thumbnailUrl":"https:\/\/www.polycliniqueplus.com\/wp-content\/uploads\/2017\/09\/Trump20172-2.jpg","articleSection":["news"],"inLanguage":"de"},{"@type":"WebPage","@id":"https:\/\/www.polycliniqueplus.com\/de\/blog\/trump-bei-der-generalversammlung\/","url":"https:\/\/www.polycliniqueplus.com\/de\/blog\/trump-bei-der-generalversammlung\/","name":"Trump verspricht, Nordkorea \"vollst\u00e4ndig zu zerst\u00f6ren\".","isPartOf":{"@id":"https:\/\/www.polycliniqueplus.com\/de\/#website"},"primaryImageOfPage":{"@id":"https:\/\/www.polycliniqueplus.com\/de\/blog\/trump-bei-der-generalversammlung\/#primaryimage"},"image":{"@id":"https:\/\/www.polycliniqueplus.com\/de\/blog\/trump-bei-der-generalversammlung\/#primaryimage"},"thumbnailUrl":"https:\/\/www.polycliniqueplus.com\/wp-content\/uploads\/2017\/09\/Trump20172-2.jpg","datePublished":"2017-09-20T06:28:01+00:00","dateModified":"2023-01-19T09:11:50+00:00","description":"Donald Trump verurteilte Nordkorea und erkl\u00e4rte sich bereit, das Land vollst\u00e4ndig zu zerst\u00f6ren, wenn es weiterhin an seinen Atompl\u00e4nen festh\u00e4lt.","breadcrumb":{"@id":"https:\/\/www.polycliniqueplus.com\/de\/blog\/trump-bei-der-generalversammlung\/#breadcrumb"},"inLanguage":"de","potentialAction":[{"@type":"ReadAction","target":["https:\/\/www.polycliniqueplus.com\/de\/blog\/trump-bei-der-generalversammlung\/"]}]},{"@type":"ImageObject","inLanguage":"de","@id":"https:\/\/www.polycliniqueplus.com\/de\/blog\/trump-bei-der-generalversammlung\/#primaryimage","url":"https:\/\/www.polycliniqueplus.com\/wp-content\/uploads\/2017\/09\/Trump20172-2.jpg","contentUrl":"https:\/\/www.polycliniqueplus.com\/wp-content\/uploads\/2017\/09\/Trump20172-2.jpg","width":1084,"height":600},{"@type":"BreadcrumbList","@id":"https:\/\/www.polycliniqueplus.com\/de\/blog\/trump-bei-der-generalversammlung\/#breadcrumb","itemListElement":[{"@type":"ListItem","position":1,"name":"Accueil","item":"https:\/\/www.polycliniqueplus.com\/de\/"},{"@type":"ListItem","position":2,"name":"Trump schl\u00e4gt in seiner Rede vor der Generalversammlung der Vereinten Nationen einen kriegerischen Ton \u00fcber Nordkorea an."}]},{"@type":"WebSite","@id":"https:\/\/www.polycliniqueplus.com\/de\/#website","url":"https:\/\/www.polycliniqueplus.com\/de\/","name":"Chirurgie esthetique Turquie : Prix interventions meilleures cliniques Istanbul","description":"Chirurgie esthetique Turquie prix pas cher","publisher":{"@id":"https:\/\/www.polycliniqueplus.com\/de\/#organization"},"potentialAction":[{"@type":"SearchAction","target":{"@type":"EntryPoint","urlTemplate":"https:\/\/www.polycliniqueplus.com\/de\/?s={search_term_string}"},"query-input":{"@type":"PropertyValueSpecification","valueRequired":true,"valueName":"search_term_string"}}],"inLanguage":"de"},{"@type":"Organization","@id":"https:\/\/www.polycliniqueplus.com\/de\/#organization","name":"Polycliniqueplus chirurgie esthetique Turquie","url":"https:\/\/www.polycliniqueplus.com\/de\/","logo":{"@type":"ImageObject","inLanguage":"de","@id":"https:\/\/www.polycliniqueplus.com\/de\/#\/schema\/logo\/image\/","url":"https:\/\/www.polycliniqueplus.com\/wp-content\/uploads\/2021\/03\/cropped-add-box-fill.png","contentUrl":"https:\/\/www.polycliniqueplus.com\/wp-content\/uploads\/2021\/03\/cropped-add-box-fill.png","width":512,"height":512,"caption":"Polycliniqueplus chirurgie esthetique Turquie"},"image":{"@id":"https:\/\/www.polycliniqueplus.com\/de\/#\/schema\/logo\/image\/"},"sameAs":["https:\/\/www.facebook.com\/polycliniqueplus","https:\/\/x.com\/polyclinique1","https:\/\/www.youtube.com\/channel\/UCAnK3TORJqflIuYGFa-JQDw"]},{"@type":"Person","@id":"https:\/\/www.polycliniqueplus.com\/de\/#\/schema\/person\/0525a0bd10c537b179c46d27f9a7ddfe","name":"Mirna","image":{"@type":"ImageObject","inLanguage":"de","@id":"https:\/\/secure.gravatar.com\/avatar\/a66d15ec76051205756db13372446db97237a4727517044f67012dd173d87cab?s=96&d=mm&r=g","url":"https:\/\/secure.gravatar.com\/avatar\/a66d15ec76051205756db13372446db97237a4727517044f67012dd173d87cab?s=96&d=mm&r=g","contentUrl":"https:\/\/secure.gravatar.com\/avatar\/a66d15ec76051205756db13372446db97237a4727517044f67012dd173d87cab?s=96&d=mm&r=g","caption":"Mirna"},"url":"https:\/\/www.polycliniqueplus.com\/de\/blog\/author\/polyclin_pluscom\/"}]}},"_links":{"self":[{"href":"https:\/\/www.polycliniqueplus.com\/de\/wp-json\/wp\/v2\/posts\/14550","targetHints":{"allow":["GET"]}}],"collection":[{"href":"https:\/\/www.polycliniqueplus.com\/de\/wp-json\/wp\/v2\/posts"}],"about":[{"href":"https:\/\/www.polycliniqueplus.com\/de\/wp-json\/wp\/v2\/types\/post"}],"author":[{"embeddable":true,"href":"https:\/\/www.polycliniqueplus.com\/de\/wp-json\/wp\/v2\/users\/1"}],"replies":[{"embeddable":true,"href":"https:\/\/www.polycliniqueplus.com\/de\/wp-json\/wp\/v2\/comments?post=14550"}],"version-history":[{"count":2,"href":"https:\/\/www.polycliniqueplus.com\/de\/wp-json\/wp\/v2\/posts\/14550\/revisions"}],"predecessor-version":[{"id":14604,"href":"https:\/\/www.polycliniqueplus.com\/de\/wp-json\/wp\/v2\/posts\/14550\/revisions\/14604"}],"wp:featuredmedia":[{"embeddable":true,"href":"https:\/\/www.polycliniqueplus.com\/de\/wp-json\/wp\/v2\/media\/12806"}],"wp:attachment":[{"href":"https:\/\/www.polycliniqueplus.com\/de\/wp-json\/wp\/v2\/media?parent=14550"}],"wp:term":[{"taxonomy":"category","embeddable":true,"href":"https:\/\/www.polycliniqueplus.com\/de\/wp-json\/wp\/v2\/categories?post=14550"},{"taxonomy":"post_tag","embeddable":true,"href":"https:\/\/www.polycliniqueplus.com\/de\/wp-json\/wp\/v2\/tags?post=14550"}],"curies":[{"name":"wp","href":"https:\/\/api.w.org\/{rel}","templated":true}]}}